{"id":20395,"date":"2026-01-05T09:38:31","date_gmt":"2026-01-05T12:38:31","guid":{"rendered":"https:\/\/www.miguelfaccio.com.br\/blog\/?p=20395"},"modified":"2026-01-05T09:38:33","modified_gmt":"2026-01-05T12:38:33","slug":"plv4458-livro-29-diario-27-07-2023","status":"publish","type":"post","link":"https:\/\/www.miguelfaccio.com.br\/blog\/index.php\/plv4458-livro-29-diario-27-07-2023\/","title":{"rendered":"PLV4458 \u2013 Livro 29 \u2013 Di\u00e1rio, 27\/07\/2023"},"content":{"rendered":"\n<p class=\"has-text-align-right\"><strong>27\/07\/223<\/strong><\/p>\n\n\n\n<p>De acordo com as palavras de Jesus em Jo\u00e3o 10:34, \u201cVos sois Deuses\u201d. Realmente somos Deuses, mas em evolu\u00e7\u00e3o. O nosso princ\u00edpio est\u00e1 em Deus Uno Pai\/M\u00e3e, mas criados na plena simplicidade e ignor\u00e2ncia tendo que evoluir atrav\u00e9s do pr\u00f3prio esfor\u00e7o. Recebemos, tal qual Ad\u00e3o e Eva, a ordem \u201ccrescei e multiplicai-vos\u201d. Aqui est\u00e1 o princ\u00edpio de toda a evolu\u00e7\u00e3o. Aquele que est\u00e1 parado n\u00e3o evolui, portanto, \u00e9 necess\u00e1ria luta constante em nossa exist\u00eancia para lentamente evoluir, porque a evolu\u00e7\u00e3o n\u00e3o faz saltos, ela \u00e9 o somat\u00f3rio de pequenos conhecimentos experienciados que se agregam ao consciente e tem como resultado pequenos passos evolutivos. A soma constante de pequenos passos evolutivos resulta na evolu\u00e7\u00e3o que d\u00e1 acesso \u00e0 ascens\u00e3o e a mestria. \u00c9 para isso que estamos labutando neste planeta repleto de dificuldades em que se expressam as nossas transgress\u00f5es \u00e0 lei. Precisamos abrir os olhos para perceber que as pedras e espinhos de nosso caminho s\u00e3o a materializa\u00e7\u00e3o de nossos pensamentos, nossas palavras e nossas obras que aparecem como essas pedras e espinhos para nos conscientizar de que somos os criadores (Deuses) de tudo o que nos acontece tanto como evolu\u00e7\u00e3o ou como resgate. Nada fica impune, como tamb\u00e9m nada fica sem a devida retribui\u00e7\u00e3o no reino de nosso Pai. N\u00f3s \u00e9 que criamos nosso caminho, nossa evolu\u00e7\u00e3o pois fomos criados \u00e0 imagem e semelhan\u00e7a de Deus.<\/p>\n","protected":false},"excerpt":{"rendered":"<p>27\/07\/223 De acordo com as palavras de Jesus em Jo\u00e3o 10:34, \u201cVos sois Deuses\u201d. Realmente somos Deuses, mas em evolu\u00e7\u00e3o. O nosso princ\u00edpio est\u00e1 em Deus Uno Pai\/M\u00e3e, mas criados na plena simplicidade e ignor\u00e2ncia tendo que evoluir atrav\u00e9s do pr\u00f3prio esfor\u00e7o. Recebemos, tal qual Ad\u00e3o e Eva, a ordem \u201ccrescei e multiplicai-vos\u201d. Aqui est\u00e1 [&hellip;]<\/p>\n","protected":false},"author":1,"featured_media":0,"comment_status":"open","ping_status":"open","sticky":false,"template":"","format":"standard","meta":{"_mi_skip_tracking":false},"categories":[35],"tags":[],"_links":{"self":[{"href":"https:\/\/www.miguelfaccio.com.br\/blog\/index.php\/wp-json\/wp\/v2\/posts\/20395"}],"collection":[{"href":"https:\/\/www.miguelfaccio.com.br\/blog\/index.php\/wp-json\/wp\/v2\/posts"}],"about":[{"href":"https:\/\/www.miguelfaccio.com.br\/blog\/index.php\/wp-json\/wp\/v2\/types\/post"}],"author":[{"embeddable":true,"href":"https:\/\/www.miguelfaccio.com.br\/blog\/index.php\/wp-json\/wp\/v2\/users\/1"}],"replies":[{"embeddable":true,"href":"https:\/\/www.miguelfaccio.com.br\/blog\/index.php\/wp-json\/wp\/v2\/comments?post=20395"}],"version-history":[{"count":1,"href":"https:\/\/www.miguelfaccio.com.br\/blog\/index.php\/wp-json\/wp\/v2\/posts\/20395\/revisions"}],"predecessor-version":[{"id":20396,"href":"https:\/\/www.miguelfaccio.com.br\/blog\/index.php\/wp-json\/wp\/v2\/posts\/20395\/revisions\/20396"}],"wp:attachment":[{"href":"https:\/\/www.miguelfaccio.com.br\/blog\/index.php\/wp-json\/wp\/v2\/media?parent=20395"}],"wp:term":[{"taxonomy":"category","embeddable":true,"href":"https:\/\/www.miguelfaccio.com.br\/blog\/index.php\/wp-json\/wp\/v2\/categories?post=20395"},{"taxonomy":"post_tag","embeddable":true,"href":"https:\/\/www.miguelfaccio.com.br\/blog\/index.php\/wp-json\/wp\/v2\/tags?post=20395"}],"curies":[{"name":"wp","href":"https:\/\/api.w.org\/{rel}","templated":true}]}}