{"id":20391,"date":"2026-01-04T09:00:03","date_gmt":"2026-01-04T12:00:03","guid":{"rendered":"https:\/\/www.miguelfaccio.com.br\/blog\/?p=20391"},"modified":"2026-01-04T09:00:05","modified_gmt":"2026-01-04T12:00:05","slug":"plv4457-livro-29-diario-26-07-2023","status":"publish","type":"post","link":"https:\/\/www.miguelfaccio.com.br\/blog\/index.php\/plv4457-livro-29-diario-26-07-2023\/","title":{"rendered":"PLV4457 \u2013 Livro 29 \u2013 Di\u00e1rio, 26\/07\/2023"},"content":{"rendered":"\n<p class=\"has-text-align-right\"><strong>26\/07\/2023<\/strong><\/p>\n\n\n\n<p>O tempo est\u00e1 se apressando, os dias est\u00e3o ficando mais curtos. Isto \u00e9 press\u00e1gio certo de que grandes mudan\u00e7as est\u00e3o logo ali. Essas mudan\u00e7as j\u00e1 foram espalhadas aos quatro ventos, s\u00f3 que a humanidade consegue perceber no momento em que bate \u00e0 sua porta, mesmo assim muitos n\u00e3o a toma como aviso, e s\u00f3 se convence quando sua casa cair. N\u00e3o \u00e9 f\u00e1cil aceitar uma coisa com tal magnitude, pois afeta tudo o que vive aqui no planeta. Muitos profetas, muitas mensagens das mais diversas fontes, o pr\u00f3prio disc\u00edpulo amado de Jesus preveniu \u00e0 humanidade em seu livro O Apocalipse. N\u00e3o tinha ele o conhecimento do que existe hoje em termos b\u00e9licos, mas viu as consequ\u00eancias de seu uso. Esse evento o in\u00edcio da evolu\u00e7\u00e3o do ser humano que nada tem a ver com essa insanidade e est\u00e1 sendo o \u201cbode expiat\u00f3rio\u201d de suas consequ\u00eancias. Por isso, \u00e9 necess\u00e1rio que o ser humano se prepare para ser retirado daqui e levado para um local que n\u00e3o conhece, e ser\u00e1 o \u00fanico porto onde poder\u00e1 ser colocado. Esse tempo est\u00e1 muito pr\u00f3ximo, \u00e9 necess\u00e1rio p\u00f4r-se de joelhos e elevar o pensamento para o c\u00e9u pedindo perd\u00e3o pelas suas transgress\u00f5es \u00e0 lei, e tamb\u00e9m pedindo ajuda para que consiga elevar-se um pouco que seja, em sua evolu\u00e7\u00e3o espiritual. Est\u00e1 na hora de acordar, porque ningu\u00e9m sabe nem o dia e nem a hora de iniciar o Apocalipse.<\/p>\n","protected":false},"excerpt":{"rendered":"<p>26\/07\/2023 O tempo est\u00e1 se apressando, os dias est\u00e3o ficando mais curtos. Isto \u00e9 press\u00e1gio certo de que grandes mudan\u00e7as est\u00e3o logo ali. Essas mudan\u00e7as j\u00e1 foram espalhadas aos quatro ventos, s\u00f3 que a humanidade consegue perceber no momento em que bate \u00e0 sua porta, mesmo assim muitos n\u00e3o a toma como aviso, e s\u00f3 [&hellip;]<\/p>\n","protected":false},"author":1,"featured_media":0,"comment_status":"open","ping_status":"open","sticky":false,"template":"","format":"standard","meta":{"_mi_skip_tracking":false},"categories":[35],"tags":[],"_links":{"self":[{"href":"https:\/\/www.miguelfaccio.com.br\/blog\/index.php\/wp-json\/wp\/v2\/posts\/20391"}],"collection":[{"href":"https:\/\/www.miguelfaccio.com.br\/blog\/index.php\/wp-json\/wp\/v2\/posts"}],"about":[{"href":"https:\/\/www.miguelfaccio.com.br\/blog\/index.php\/wp-json\/wp\/v2\/types\/post"}],"author":[{"embeddable":true,"href":"https:\/\/www.miguelfaccio.com.br\/blog\/index.php\/wp-json\/wp\/v2\/users\/1"}],"replies":[{"embeddable":true,"href":"https:\/\/www.miguelfaccio.com.br\/blog\/index.php\/wp-json\/wp\/v2\/comments?post=20391"}],"version-history":[{"count":1,"href":"https:\/\/www.miguelfaccio.com.br\/blog\/index.php\/wp-json\/wp\/v2\/posts\/20391\/revisions"}],"predecessor-version":[{"id":20392,"href":"https:\/\/www.miguelfaccio.com.br\/blog\/index.php\/wp-json\/wp\/v2\/posts\/20391\/revisions\/20392"}],"wp:attachment":[{"href":"https:\/\/www.miguelfaccio.com.br\/blog\/index.php\/wp-json\/wp\/v2\/media?parent=20391"}],"wp:term":[{"taxonomy":"category","embeddable":true,"href":"https:\/\/www.miguelfaccio.com.br\/blog\/index.php\/wp-json\/wp\/v2\/categories?post=20391"},{"taxonomy":"post_tag","embeddable":true,"href":"https:\/\/www.miguelfaccio.com.br\/blog\/index.php\/wp-json\/wp\/v2\/tags?post=20391"}],"curies":[{"name":"wp","href":"https:\/\/api.w.org\/{rel}","templated":true}]}}