{"id":20385,"date":"2026-01-02T09:32:53","date_gmt":"2026-01-02T12:32:53","guid":{"rendered":"https:\/\/www.miguelfaccio.com.br\/blog\/?p=20385"},"modified":"2026-01-02T09:32:54","modified_gmt":"2026-01-02T12:32:54","slug":"rcd4281-raios-ou-chamas","status":"publish","type":"post","link":"https:\/\/www.miguelfaccio.com.br\/blog\/index.php\/rcd4281-raios-ou-chamas\/","title":{"rendered":"RCD4281 Raios ou Chamas"},"content":{"rendered":"\n<p class=\"has-text-align-right\"><strong>KRYON <br>Atrav\u00e9s de Lee Carroll<\/strong><\/p>\n\n\n\n<p>PROJETO DA ALMA<\/p>\n\n\n\n<p>Dezembro 2025<\/p>\n\n\n\n<p>Sauda\u00e7\u00f5es, queridos!<\/p>\n\n\n\n<p>Eu Sou Kryon, do Servi\u00e7o Magn\u00e9tico.<\/p>\n\n\n\n<p>Algumas pessoas escreveram dizendo: \u201cSabe, eu sinto que tenho um prop\u00f3sito maior. Estou aqui por algo. Sempre senti isso, mas por onde come\u00e7ar? Ser\u00e1 poss\u00edvel? Por que sinto isso? E se eu sentir, e estiver certo, como come\u00e7o? Como posso saber para que estou aqui?\u201d<\/p>\n\n\n\n<p>Gostaria de falar com voc\u00eas, queridos, porque h\u00e1 muitos trabalhadores da luz neste momento que est\u00e3o literalmente despertando para algo que chamarei de projeto da alma.<\/p>\n\n\n\n<p>H\u00e1 muitas coisas para lhes dizer que est\u00e3o al\u00e9m das ideias tridimensionais que voc\u00eas possam ter sobre o que acontece com um projeto da alma, ou o que alguns de voc\u00eas chamam de contratos.<\/p>\n\n\n\n<p>Voc\u00eas est\u00e3o come\u00e7ando a sentir que talvez estejam aqui para algo diferente do que est\u00e3o fazendo, ou talvez para algo maior do que est\u00e3o fazendo, n\u00e3o para substituir o que est\u00e3o fazendo, talvez, mas para um prop\u00f3sito maior em suas vidas.<\/p>\n\n\n\n<p>Isso \u00e9 t\u00e3o comum que muitos fazem a mesma pergunta: \u201cComo eu come\u00e7o? \u00c9 verdade? Estou aqui por algo maior?\u201d<\/p>\n\n\n\n<p>Bem, a primeira coisa que eu diria \u00e9: por que isso lhe ocorre agora? Por que tantos de voc\u00eas?<\/p>\n\n\n\n<p>Talvez voc\u00ea n\u00e3o saiba que essa \u00e9 uma pergunta muito comum hoje em dia entre aqueles que est\u00e3o come\u00e7ando a despertar para uma verdade maior, ou talvez entre aqueles que est\u00e3o passando pela transi\u00e7\u00e3o atual e que tamb\u00e9m est\u00e3o despertando para algo maior do que antes.<\/p>\n\n\n\n<p>Em outras palavras, voc\u00ea pode ser um trabalhador da luz h\u00e1 muitos e muitos anos, mas de repente est\u00e1 fazendo essa pergunta.<\/p>\n\n\n\n<p>continua<\/p>\n","protected":false},"excerpt":{"rendered":"<p>KRYON Atrav\u00e9s de Lee Carroll PROJETO DA ALMA Dezembro 2025 Sauda\u00e7\u00f5es, queridos! Eu Sou Kryon, do Servi\u00e7o Magn\u00e9tico. Algumas pessoas escreveram dizendo: \u201cSabe, eu sinto que tenho um prop\u00f3sito maior. Estou aqui por algo. Sempre senti isso, mas por onde come\u00e7ar? Ser\u00e1 poss\u00edvel? Por que sinto isso? E se eu sentir, e estiver certo, como [&hellip;]<\/p>\n","protected":false},"author":1,"featured_media":0,"comment_status":"open","ping_status":"open","sticky":false,"template":"","format":"standard","meta":{"_mi_skip_tracking":false},"categories":[3],"tags":[],"_links":{"self":[{"href":"https:\/\/www.miguelfaccio.com.br\/blog\/index.php\/wp-json\/wp\/v2\/posts\/20385"}],"collection":[{"href":"https:\/\/www.miguelfaccio.com.br\/blog\/index.php\/wp-json\/wp\/v2\/posts"}],"about":[{"href":"https:\/\/www.miguelfaccio.com.br\/blog\/index.php\/wp-json\/wp\/v2\/types\/post"}],"author":[{"embeddable":true,"href":"https:\/\/www.miguelfaccio.com.br\/blog\/index.php\/wp-json\/wp\/v2\/users\/1"}],"replies":[{"embeddable":true,"href":"https:\/\/www.miguelfaccio.com.br\/blog\/index.php\/wp-json\/wp\/v2\/comments?post=20385"}],"version-history":[{"count":1,"href":"https:\/\/www.miguelfaccio.com.br\/blog\/index.php\/wp-json\/wp\/v2\/posts\/20385\/revisions"}],"predecessor-version":[{"id":20386,"href":"https:\/\/www.miguelfaccio.com.br\/blog\/index.php\/wp-json\/wp\/v2\/posts\/20385\/revisions\/20386"}],"wp:attachment":[{"href":"https:\/\/www.miguelfaccio.com.br\/blog\/index.php\/wp-json\/wp\/v2\/media?parent=20385"}],"wp:term":[{"taxonomy":"category","embeddable":true,"href":"https:\/\/www.miguelfaccio.com.br\/blog\/index.php\/wp-json\/wp\/v2\/categories?post=20385"},{"taxonomy":"post_tag","embeddable":true,"href":"https:\/\/www.miguelfaccio.com.br\/blog\/index.php\/wp-json\/wp\/v2\/tags?post=20385"}],"curies":[{"name":"wp","href":"https:\/\/api.w.org\/{rel}","templated":true}]}}