{"id":20383,"date":"2026-01-02T09:31:36","date_gmt":"2026-01-02T12:31:36","guid":{"rendered":"https:\/\/www.miguelfaccio.com.br\/blog\/?p=20383"},"modified":"2026-01-02T09:31:38","modified_gmt":"2026-01-02T12:31:38","slug":"plv4455-livro-29-diario-24-07-2023","status":"publish","type":"post","link":"https:\/\/www.miguelfaccio.com.br\/blog\/index.php\/plv4455-livro-29-diario-24-07-2023\/","title":{"rendered":"PLV4455 \u2013 Livro 29 \u2013 Di\u00e1rio, 24\/07\/2023"},"content":{"rendered":"\n<p class=\"has-text-align-right\"><strong>24\/07\/2023<\/strong><\/p>\n\n\n\n<p>Os dias se sucedem, as semanas, os meses e os anos tamb\u00e9m, mas n\u00e3o podemos esquecer que s\u00f3 podemos viver no agora, somente no agora e nada mais. Sobre isso incide o ensino do Cristo: \u201cA semeadura \u00e9 livre, mas a colheita \u00e9 obrigat\u00f3ria\u201d. Isso pesa sobre o agora, porque \u00e9 no agora que semeamos, mas tamb\u00e9m no agora que colhemos aquilo que semeamos no passado. Ningu\u00e9m escapa disso. Al\u00e9m de ser ensino do Cristo, \u00e9 tamb\u00e9m lei universal, a Lei do Retorno. Tudo o que vai, volta. Tudo que sobe desce. E o Cristo diz tudo o que se planta, ter\u00e1 que ser colhido. A maior dificuldade est\u00e1 em o ser humano entender isso, porque ignora, n\u00e3o se d\u00e1 conta, n\u00e3o se preocupa que quem planta \u00e9 seu pensamento. Seu pensamento \u00e9 o poder criador que nos iguala a Deus porque criamos tudo o que nos diz espeito, a estrada que teremos que trilhar at\u00e9 o pr\u00f3ximo corpo que o nosso esp\u00edrito ter\u00e1 no futuro. Isso \u00e9 de primaz import\u00e2ncia porque \u00e9 aquilo que somos. Gosto de afirmar que n\u00f3s somos uma soma de consequ\u00eancias, isto \u00e9 a soma daquilo que teremos que colher, daquilo que plantamos. N\u00e3o somos miragens, nem fantasmas, somos uma realidade que engloba todo o nosso passado, uma realidade e se expressa atrav\u00e9s do nosso corpo e da estrada que teremos que percorrer, as pedras e espinhos que iremos encontrar. Em s\u00edntese, somos os gestores de n\u00f3s mesmos.<\/p>\n","protected":false},"excerpt":{"rendered":"<p>24\/07\/2023 Os dias se sucedem, as semanas, os meses e os anos tamb\u00e9m, mas n\u00e3o podemos esquecer que s\u00f3 podemos viver no agora, somente no agora e nada mais. Sobre isso incide o ensino do Cristo: \u201cA semeadura \u00e9 livre, mas a colheita \u00e9 obrigat\u00f3ria\u201d. Isso pesa sobre o agora, porque \u00e9 no agora que [&hellip;]<\/p>\n","protected":false},"author":1,"featured_media":0,"comment_status":"open","ping_status":"open","sticky":false,"template":"","format":"standard","meta":{"_mi_skip_tracking":false},"categories":[35],"tags":[],"_links":{"self":[{"href":"https:\/\/www.miguelfaccio.com.br\/blog\/index.php\/wp-json\/wp\/v2\/posts\/20383"}],"collection":[{"href":"https:\/\/www.miguelfaccio.com.br\/blog\/index.php\/wp-json\/wp\/v2\/posts"}],"about":[{"href":"https:\/\/www.miguelfaccio.com.br\/blog\/index.php\/wp-json\/wp\/v2\/types\/post"}],"author":[{"embeddable":true,"href":"https:\/\/www.miguelfaccio.com.br\/blog\/index.php\/wp-json\/wp\/v2\/users\/1"}],"replies":[{"embeddable":true,"href":"https:\/\/www.miguelfaccio.com.br\/blog\/index.php\/wp-json\/wp\/v2\/comments?post=20383"}],"version-history":[{"count":1,"href":"https:\/\/www.miguelfaccio.com.br\/blog\/index.php\/wp-json\/wp\/v2\/posts\/20383\/revisions"}],"predecessor-version":[{"id":20384,"href":"https:\/\/www.miguelfaccio.com.br\/blog\/index.php\/wp-json\/wp\/v2\/posts\/20383\/revisions\/20384"}],"wp:attachment":[{"href":"https:\/\/www.miguelfaccio.com.br\/blog\/index.php\/wp-json\/wp\/v2\/media?parent=20383"}],"wp:term":[{"taxonomy":"category","embeddable":true,"href":"https:\/\/www.miguelfaccio.com.br\/blog\/index.php\/wp-json\/wp\/v2\/categories?post=20383"},{"taxonomy":"post_tag","embeddable":true,"href":"https:\/\/www.miguelfaccio.com.br\/blog\/index.php\/wp-json\/wp\/v2\/tags?post=20383"}],"curies":[{"name":"wp","href":"https:\/\/api.w.org\/{rel}","templated":true}]}}