{"id":20379,"date":"2026-01-01T09:45:21","date_gmt":"2026-01-01T12:45:21","guid":{"rendered":"https:\/\/www.miguelfaccio.com.br\/blog\/?p=20379"},"modified":"2026-01-01T09:45:23","modified_gmt":"2026-01-01T12:45:23","slug":"plv4454-livro-29-diario-23-07-2023","status":"publish","type":"post","link":"https:\/\/www.miguelfaccio.com.br\/blog\/index.php\/plv4454-livro-29-diario-23-07-2023\/","title":{"rendered":"PLV4454 \u2013 Livro 29 \u2013 Di\u00e1rio, 23\/07\/2023"},"content":{"rendered":"\n<p class=\"has-text-align-right\"><strong>23\/07\/2023<\/strong><\/p>\n\n\n\n<p>A \u00fanica injusti\u00e7a que pode ser feita \u00e9 praticada pelos homens, jamais partir\u00e1 de Deus. Qualquer coisa que Deus fizer estar\u00e1 fazendo a si mesmo. Deus n\u00e3o pode impor a si, uma cegueira, um c\u00e2ncer, a falta de um membro ou qualquer outra forma de anomalia que impe\u00e7a o ser humano de exercer suas atividades. Nunca esque\u00e7am que cada um de n\u00f3s foi criado de uma part\u00edcula do Deus Uno Pai\/M\u00e3e. Cada corpo cont\u00e9m a mat\u00e9ria e a ess\u00eancia, tem em seu cora\u00e7\u00e3o um altar para Morada de Deus, portanto somos parcelas de Deus que est\u00e1 a caminho, na busca de sua evolu\u00e7\u00e3o espiritual, sua mestria. Geralmente as informa\u00e7\u00f5es que recebemos \u00e9 que Deus est\u00e1 nos c\u00e9us, l\u00e1 longe, ent\u00e3o vivem pedindo, de certa forma, ordenando a Deus, como se Deus fosse seu mordomo particular. Pedem \u00e0 Deus tudo quanto \u00e9 coisa, mas esquecem que Deus est\u00e1 dentro deles. A \u00fanica coisa \u00e9 interiorizar-se, buscar em seu cora\u00e7\u00e3o aquilo que pedem para Deus. Deus \u00e9 justo, nos deu a vida, o resto corre por conta e risco de cada um. Nos deu ao nos criar um poder igual ao seu, o de criar atrav\u00e9s do pensamento. N\u00e3o nos informaram ou esqueceram deste pequeno grande detalhe. Cada um cria ou criou no passado, aquilo que somos agora. E, agora estamos criando o nosso futuro. Aquilo que eu vivo agora \u00e9 a soma de consequ\u00eancias daquilo que cada um criou no passado. Nunca esque\u00e7a as palavras do Cristo: \u201cA semeadura \u00e9 livre, mas a colheita \u00e9 obrigat\u00f3ria\u201d.<\/p>\n","protected":false},"excerpt":{"rendered":"<p>23\/07\/2023 A \u00fanica injusti\u00e7a que pode ser feita \u00e9 praticada pelos homens, jamais partir\u00e1 de Deus. Qualquer coisa que Deus fizer estar\u00e1 fazendo a si mesmo. Deus n\u00e3o pode impor a si, uma cegueira, um c\u00e2ncer, a falta de um membro ou qualquer outra forma de anomalia que impe\u00e7a o ser humano de exercer suas [&hellip;]<\/p>\n","protected":false},"author":1,"featured_media":0,"comment_status":"open","ping_status":"open","sticky":false,"template":"","format":"standard","meta":{"_mi_skip_tracking":false},"categories":[35],"tags":[],"_links":{"self":[{"href":"https:\/\/www.miguelfaccio.com.br\/blog\/index.php\/wp-json\/wp\/v2\/posts\/20379"}],"collection":[{"href":"https:\/\/www.miguelfaccio.com.br\/blog\/index.php\/wp-json\/wp\/v2\/posts"}],"about":[{"href":"https:\/\/www.miguelfaccio.com.br\/blog\/index.php\/wp-json\/wp\/v2\/types\/post"}],"author":[{"embeddable":true,"href":"https:\/\/www.miguelfaccio.com.br\/blog\/index.php\/wp-json\/wp\/v2\/users\/1"}],"replies":[{"embeddable":true,"href":"https:\/\/www.miguelfaccio.com.br\/blog\/index.php\/wp-json\/wp\/v2\/comments?post=20379"}],"version-history":[{"count":1,"href":"https:\/\/www.miguelfaccio.com.br\/blog\/index.php\/wp-json\/wp\/v2\/posts\/20379\/revisions"}],"predecessor-version":[{"id":20380,"href":"https:\/\/www.miguelfaccio.com.br\/blog\/index.php\/wp-json\/wp\/v2\/posts\/20379\/revisions\/20380"}],"wp:attachment":[{"href":"https:\/\/www.miguelfaccio.com.br\/blog\/index.php\/wp-json\/wp\/v2\/media?parent=20379"}],"wp:term":[{"taxonomy":"category","embeddable":true,"href":"https:\/\/www.miguelfaccio.com.br\/blog\/index.php\/wp-json\/wp\/v2\/categories?post=20379"},{"taxonomy":"post_tag","embeddable":true,"href":"https:\/\/www.miguelfaccio.com.br\/blog\/index.php\/wp-json\/wp\/v2\/tags?post=20379"}],"curies":[{"name":"wp","href":"https:\/\/api.w.org\/{rel}","templated":true}]}}