{"id":20377,"date":"2025-12-31T09:54:18","date_gmt":"2025-12-31T12:54:18","guid":{"rendered":"https:\/\/www.miguelfaccio.com.br\/blog\/?p=20377"},"modified":"2025-12-31T09:54:20","modified_gmt":"2025-12-31T12:54:20","slug":"rcd4279-raios-ou-chamas","status":"publish","type":"post","link":"https:\/\/www.miguelfaccio.com.br\/blog\/index.php\/rcd4279-raios-ou-chamas\/","title":{"rendered":"RCD4279 Raios ou Chamas"},"content":{"rendered":"\n<p class=\"has-text-align-right\"><strong>Saint Germain <br>Atrav\u00e9s de Chellea Wilder<\/strong><\/p>\n\n\n\n<p>A ESCURID\u00c3O EST\u00c1 RECUANDO<\/p>\n\n\n\n<p>continua\u00e7\u00e3o<\/p>\n\n\n\n<p>Por eras, influ\u00eancias obscuras dominaram as narrativas, suprimindo a verdade, fragmentando a mem\u00f3ria e desconectando a humanidade de sua natureza soberana. Elas teceram uma tape\u00e7aria de ilus\u00e3o, concebida para mant\u00ea-lo em um estado de confus\u00e3o e impot\u00eancia.<\/p>\n\n\n\n<p>Contudo, compreenda isto: nada oculto pode permanecer oculto na Luz Divina.<\/p>\n\n\n\n<p>Tudo o que foi sepultado \u2014 toda verdade suprimida, toda hist\u00f3ria distorcida, todo fragmento de poder roubado \u2014 est\u00e1 agora emergindo \u00e0 superf\u00edcie para ser visto, conhecido e transmutado em uma nova compreens\u00e3o. Este \u00e9 um tempo de acerto de contas, em que o passado est\u00e1 sendo revisitado, e as li\u00e7\u00f5es aprendidas o guiar\u00e3o rumo a um futuro mais brilhante.<\/p>\n\n\n\n<p>Aqueles que se apegam a vibra\u00e7\u00f5es inferiores \u2014 medo, controle, gan\u00e2ncia, domina\u00e7\u00e3o \u2014 est\u00e3o perdendo o controle, porque essas energias n\u00e3o podem existir onde a consci\u00eancia est\u00e1 se expandindo. Elas est\u00e3o se dissolvendo n\u00e3o porque est\u00e3o sendo combatidas, mas porque n\u00e3o est\u00e3o mais sendo alimentadas pela sua energia coletiva.<\/p>\n\n\n\n<p>Ao despertar e elevar sua vibra\u00e7\u00e3o, voc\u00ea enfraquece essas for\u00e7as negativas, tornando-as impotentes.<\/p>\n\n\n\n<p>Essa mudan\u00e7a \u00e9 uma consequ\u00eancia natural da sua evolu\u00e7\u00e3o, um movimento em dire\u00e7\u00e3o a um estado de ser superior, onde prevalecem o amor, a verdade e a unidade.<\/p>\n\n\n\n<p>Sim, este per\u00edodo de revela\u00e7\u00e3o pode parecer ca\u00f3tico. Pode ser perturbador, \u00e0 medida que os antigos paradigmas desmoronam e as ilus\u00f5es que antes traziam conforto se dissipam.<\/p>\n\n\n\n<p>Mas isso n\u00e3o \u00e9 destrui\u00e7\u00e3o \u2014 \u00e9 liberta\u00e7\u00e3o. \u00c9 a quebra das correntes que aprisionaram a Humanidade por tempo demais, permitindo que voc\u00ea alcance seu verdadeiro potencial e recupere seu poder.<\/p>\n\n\n\n<p>E, acima de tudo, existe uma verdade que voc\u00ea deve guardar no cora\u00e7\u00e3o:<\/p>\n\n\n\n<p>Voc\u00ea \u00e9 divino(a). Voc\u00ea \u00e9 a Luz.<\/p>\n\n\n\n<p>N\u00e3o algum dia. N\u00e3o depois da salva\u00e7\u00e3o. N\u00e3o quando os sistemas mudarem. Agora. A centelha divina que reside em voc\u00ea n\u00e3o depende de circunst\u00e2ncias externas; \u00e9 uma presen\u00e7a constante e inabal\u00e1vel que espera que voc\u00ea a reconhe\u00e7a.<\/p>\n\n\n\n<p>continua<\/p>\n","protected":false},"excerpt":{"rendered":"<p>Saint Germain Atrav\u00e9s de Chellea Wilder A ESCURID\u00c3O EST\u00c1 RECUANDO continua\u00e7\u00e3o Por eras, influ\u00eancias obscuras dominaram as narrativas, suprimindo a verdade, fragmentando a mem\u00f3ria e desconectando a humanidade de sua natureza soberana. Elas teceram uma tape\u00e7aria de ilus\u00e3o, concebida para mant\u00ea-lo em um estado de confus\u00e3o e impot\u00eancia. Contudo, compreenda isto: nada oculto pode permanecer [&hellip;]<\/p>\n","protected":false},"author":1,"featured_media":0,"comment_status":"open","ping_status":"open","sticky":false,"template":"","format":"standard","meta":{"_mi_skip_tracking":false},"categories":[3],"tags":[],"_links":{"self":[{"href":"https:\/\/www.miguelfaccio.com.br\/blog\/index.php\/wp-json\/wp\/v2\/posts\/20377"}],"collection":[{"href":"https:\/\/www.miguelfaccio.com.br\/blog\/index.php\/wp-json\/wp\/v2\/posts"}],"about":[{"href":"https:\/\/www.miguelfaccio.com.br\/blog\/index.php\/wp-json\/wp\/v2\/types\/post"}],"author":[{"embeddable":true,"href":"https:\/\/www.miguelfaccio.com.br\/blog\/index.php\/wp-json\/wp\/v2\/users\/1"}],"replies":[{"embeddable":true,"href":"https:\/\/www.miguelfaccio.com.br\/blog\/index.php\/wp-json\/wp\/v2\/comments?post=20377"}],"version-history":[{"count":1,"href":"https:\/\/www.miguelfaccio.com.br\/blog\/index.php\/wp-json\/wp\/v2\/posts\/20377\/revisions"}],"predecessor-version":[{"id":20378,"href":"https:\/\/www.miguelfaccio.com.br\/blog\/index.php\/wp-json\/wp\/v2\/posts\/20377\/revisions\/20378"}],"wp:attachment":[{"href":"https:\/\/www.miguelfaccio.com.br\/blog\/index.php\/wp-json\/wp\/v2\/media?parent=20377"}],"wp:term":[{"taxonomy":"category","embeddable":true,"href":"https:\/\/www.miguelfaccio.com.br\/blog\/index.php\/wp-json\/wp\/v2\/categories?post=20377"},{"taxonomy":"post_tag","embeddable":true,"href":"https:\/\/www.miguelfaccio.com.br\/blog\/index.php\/wp-json\/wp\/v2\/tags?post=20377"}],"curies":[{"name":"wp","href":"https:\/\/api.w.org\/{rel}","templated":true}]}}