{"id":20375,"date":"2025-12-31T09:52:47","date_gmt":"2025-12-31T12:52:47","guid":{"rendered":"https:\/\/www.miguelfaccio.com.br\/blog\/?p=20375"},"modified":"2025-12-31T09:52:49","modified_gmt":"2025-12-31T12:52:49","slug":"plv4453-livro-29-diario-22-07-2023","status":"publish","type":"post","link":"https:\/\/www.miguelfaccio.com.br\/blog\/index.php\/plv4453-livro-29-diario-22-07-2023\/","title":{"rendered":"PLV4453 \u2013 Livro 29 \u2013 Di\u00e1rio, 22\/07\/2023"},"content":{"rendered":"\n<p class=\"has-text-align-right\"><strong>22\/07\/2023<\/strong><\/p>\n\n\n\n<p>A caminhada do ser humano, na sua totalidade de ser espiritual, ora experienciando na mat\u00e9ria, \u00e9 muito longa. N\u00e3o h\u00e1 paradas definidas, como acontece ao corpo que pode passar a vida inteira no mesmo lugar. A melhor compara\u00e7\u00e3o \u00e9 o povo cigano que n\u00e3o tem morada definitiva, faz uma pausa em uma localidade e depois segue adiante. Sempre andando por locais diferentes. O corpo, sabemos que \u00e9 transit\u00f3rio, seu tempo \u00e9 limitado, mas o esp\u00edrito que tem vida eterna este \u00e9 o caminhante de uma estrada quase sem fim. Nesta estrada far\u00e1 muitas paradas, todas elas t\u00eam seus objetivos. A principal delas \u00e9 quando encarna em um corpo f\u00edsico, para l\u00e1 experienciar o conhecimento angariado em seu per\u00edodo de erraticidade onde buscou seus conhecimentos para depois p\u00f4-los em pr\u00e1tica, experienci\u00e1-los quando no corpo f\u00edsico. Quando intelectualizados e fixados em seu consciente elevar sua evolu\u00e7\u00e3o espiritual. Essas s\u00e3o as paradas que o esp\u00edrito precisa fazer de tempos em tempos para estudar e fixar sua li\u00e7\u00e3o de casa. Estas paradas se repetem en\u00e9simas vezes, at\u00e9 que o corpo e o esp\u00edrito laborem em unanimidade, quando ent\u00e3o tornam-se um s\u00f3. O universo, ent\u00e3o, come\u00e7a a abrir-se ao seu entendimento e a evolu\u00e7\u00e3o come\u00e7a a acelerar, abrindo caminho para a mestria e a ascens\u00e3o.<\/p>\n","protected":false},"excerpt":{"rendered":"<p>22\/07\/2023 A caminhada do ser humano, na sua totalidade de ser espiritual, ora experienciando na mat\u00e9ria, \u00e9 muito longa. N\u00e3o h\u00e1 paradas definidas, como acontece ao corpo que pode passar a vida inteira no mesmo lugar. A melhor compara\u00e7\u00e3o \u00e9 o povo cigano que n\u00e3o tem morada definitiva, faz uma pausa em uma localidade e [&hellip;]<\/p>\n","protected":false},"author":1,"featured_media":0,"comment_status":"open","ping_status":"open","sticky":false,"template":"","format":"standard","meta":{"_mi_skip_tracking":false},"categories":[35],"tags":[],"_links":{"self":[{"href":"https:\/\/www.miguelfaccio.com.br\/blog\/index.php\/wp-json\/wp\/v2\/posts\/20375"}],"collection":[{"href":"https:\/\/www.miguelfaccio.com.br\/blog\/index.php\/wp-json\/wp\/v2\/posts"}],"about":[{"href":"https:\/\/www.miguelfaccio.com.br\/blog\/index.php\/wp-json\/wp\/v2\/types\/post"}],"author":[{"embeddable":true,"href":"https:\/\/www.miguelfaccio.com.br\/blog\/index.php\/wp-json\/wp\/v2\/users\/1"}],"replies":[{"embeddable":true,"href":"https:\/\/www.miguelfaccio.com.br\/blog\/index.php\/wp-json\/wp\/v2\/comments?post=20375"}],"version-history":[{"count":1,"href":"https:\/\/www.miguelfaccio.com.br\/blog\/index.php\/wp-json\/wp\/v2\/posts\/20375\/revisions"}],"predecessor-version":[{"id":20376,"href":"https:\/\/www.miguelfaccio.com.br\/blog\/index.php\/wp-json\/wp\/v2\/posts\/20375\/revisions\/20376"}],"wp:attachment":[{"href":"https:\/\/www.miguelfaccio.com.br\/blog\/index.php\/wp-json\/wp\/v2\/media?parent=20375"}],"wp:term":[{"taxonomy":"category","embeddable":true,"href":"https:\/\/www.miguelfaccio.com.br\/blog\/index.php\/wp-json\/wp\/v2\/categories?post=20375"},{"taxonomy":"post_tag","embeddable":true,"href":"https:\/\/www.miguelfaccio.com.br\/blog\/index.php\/wp-json\/wp\/v2\/tags?post=20375"}],"curies":[{"name":"wp","href":"https:\/\/api.w.org\/{rel}","templated":true}]}}