{"id":20372,"date":"2025-12-30T09:50:36","date_gmt":"2025-12-30T12:50:36","guid":{"rendered":"https:\/\/www.miguelfaccio.com.br\/blog\/?p=20372"},"modified":"2025-12-30T09:50:38","modified_gmt":"2025-12-30T12:50:38","slug":"rcd4278-raios-ou-chamas","status":"publish","type":"post","link":"https:\/\/www.miguelfaccio.com.br\/blog\/index.php\/rcd4278-raios-ou-chamas\/","title":{"rendered":"RCD4278 Raios ou Chamas"},"content":{"rendered":"\n<p class=\"has-text-align-right\"><strong>Saint Germain <br>Atrav\u00e9s de Chellea Wilder<\/strong><\/p>\n\n\n\n<p>A ESCURID\u00c3O EST\u00c1 RECUANDO<\/p>\n\n\n\n<p>24 de dezembro de 2025<\/p>\n\n\n\n<p>B\u00ean\u00e7\u00e3os, minha querida fam\u00edlia terrestre.<\/p>\n\n\n\n<p>\u00c9 realmente maravilhoso conectar-me com todos voc\u00eas que leem ou ouvem estas mensagens. Obrigado por serem a Luz que vieram \u00e0 Terra para ser.<\/p>\n\n\n\n<p>Dirijo-me a voc\u00eas agora, nesta hora crucial, enquanto v\u00e9us h\u00e1 muito tecidos em sombras se dissolvem diante dos olhos da humanidade.<\/p>\n\n\n\n<p>As verdades que emergem n\u00e3o s\u00e3o suaves nem confort\u00e1veis, pois carregam o peso de eras de engano meticulosamente elaboradas para obscurecer a realidade.<\/p>\n\n\n\n<p>Essas revela\u00e7\u00f5es iluminam os rec\u00f4nditos da sua experi\u00eancia coletiva. Elas desafiam a pr\u00f3pria ess\u00eancia daquilo que muitos acreditavam ser real, abalando os alicerces da ilus\u00e3o e despertando uma compreens\u00e3o mais profunda em toda a Humanidade.<\/p>\n\n\n\n<p>Aqueles que agiram como marionetes das for\u00e7as Arcontes \u2014 aquelas entidades e sistemas que mantiveram o controle atrav\u00e9s do medo, da distor\u00e7\u00e3o e da manipula\u00e7\u00e3o do conhecimento \u2014 est\u00e3o agora em retirada.<\/p>\n\n\n\n<p>Suas estruturas outrora formid\u00e1veis, que pareciam inabal\u00e1veis, est\u00e3o ruindo por dentro, revelando a fragilidade de seu poder. Eles se escondem e lutam para escapar da responsabiliza\u00e7\u00e3o, pois a luz agora penetra at\u00e9 mesmo os rec\u00f4nditos mais profundos onde a\u00e7\u00f5es h\u00e1 muito ocultas contra a inoc\u00eancia da humanidade foram encobertas.<\/p>\n\n\n\n<p>A intrincada teia de mentiras e enganos que era mantida em segredo n\u00e3o pode mais sobreviver \u00e0 exposi\u00e7\u00e3o; as pr\u00f3prias sombras que antes os protegiam agora s\u00e3o sua pris\u00e3o.<\/p>\n\n\n\n<p>continua<\/p>\n","protected":false},"excerpt":{"rendered":"<p>Saint Germain Atrav\u00e9s de Chellea Wilder A ESCURID\u00c3O EST\u00c1 RECUANDO 24 de dezembro de 2025 B\u00ean\u00e7\u00e3os, minha querida fam\u00edlia terrestre. \u00c9 realmente maravilhoso conectar-me com todos voc\u00eas que leem ou ouvem estas mensagens. Obrigado por serem a Luz que vieram \u00e0 Terra para ser. Dirijo-me a voc\u00eas agora, nesta hora crucial, enquanto v\u00e9us h\u00e1 muito [&hellip;]<\/p>\n","protected":false},"author":1,"featured_media":0,"comment_status":"open","ping_status":"open","sticky":false,"template":"","format":"standard","meta":{"_mi_skip_tracking":false},"categories":[3],"tags":[],"_links":{"self":[{"href":"https:\/\/www.miguelfaccio.com.br\/blog\/index.php\/wp-json\/wp\/v2\/posts\/20372"}],"collection":[{"href":"https:\/\/www.miguelfaccio.com.br\/blog\/index.php\/wp-json\/wp\/v2\/posts"}],"about":[{"href":"https:\/\/www.miguelfaccio.com.br\/blog\/index.php\/wp-json\/wp\/v2\/types\/post"}],"author":[{"embeddable":true,"href":"https:\/\/www.miguelfaccio.com.br\/blog\/index.php\/wp-json\/wp\/v2\/users\/1"}],"replies":[{"embeddable":true,"href":"https:\/\/www.miguelfaccio.com.br\/blog\/index.php\/wp-json\/wp\/v2\/comments?post=20372"}],"version-history":[{"count":1,"href":"https:\/\/www.miguelfaccio.com.br\/blog\/index.php\/wp-json\/wp\/v2\/posts\/20372\/revisions"}],"predecessor-version":[{"id":20373,"href":"https:\/\/www.miguelfaccio.com.br\/blog\/index.php\/wp-json\/wp\/v2\/posts\/20372\/revisions\/20373"}],"wp:attachment":[{"href":"https:\/\/www.miguelfaccio.com.br\/blog\/index.php\/wp-json\/wp\/v2\/media?parent=20372"}],"wp:term":[{"taxonomy":"category","embeddable":true,"href":"https:\/\/www.miguelfaccio.com.br\/blog\/index.php\/wp-json\/wp\/v2\/categories?post=20372"},{"taxonomy":"post_tag","embeddable":true,"href":"https:\/\/www.miguelfaccio.com.br\/blog\/index.php\/wp-json\/wp\/v2\/tags?post=20372"}],"curies":[{"name":"wp","href":"https:\/\/api.w.org\/{rel}","templated":true}]}}