{"id":20370,"date":"2025-12-30T09:47:35","date_gmt":"2025-12-30T12:47:35","guid":{"rendered":"https:\/\/www.miguelfaccio.com.br\/blog\/?p=20370"},"modified":"2025-12-30T09:47:37","modified_gmt":"2025-12-30T12:47:37","slug":"plv4452-livro-29-diario-21-07-2023","status":"publish","type":"post","link":"https:\/\/www.miguelfaccio.com.br\/blog\/index.php\/plv4452-livro-29-diario-21-07-2023\/","title":{"rendered":"PLV4452 \u2013 Livro 29 \u2013 Di\u00e1rio, 21\/07\/2023"},"content":{"rendered":"\n<p class=\"has-text-align-right\"><strong>21\/07\/2023<\/strong><\/p>\n\n\n\n<p>O tempo anda depressa. Precisamos nos apressar para n\u00e3o perdermos o bonde da evolu\u00e7\u00e3o. O tempo \u00e9 importante para o esp\u00edrito, porque ele vem buscar no tempo da Terra, em um corpo f\u00edsico a oportunidade de evoluir mais depressa. Esse tempo, est\u00e1 se tornando cada vez mais curto, cada vez mais ex\u00edguo, porque est\u00e1 limitado, est\u00e1 escasso, pois est\u00e1 terminando a possibilidade de esp\u00edritos evolutivamente em terceira dimens\u00e3o encontrarem condi\u00e7\u00f5es de reencarnar aqui no planeta. Um dos motivos \u00e9 a redu\u00e7\u00e3o de casais que queiram ter mais de um filho, ou simplesmente n\u00e3o querem ter nenhum. Isso reduz drasticamente a possibilidade de reencarna\u00e7\u00e3o. Outro fator importante \u00e9 que a Terra est\u00e1 sendo elevada para a quinta dimens\u00e3o. Isso pressup\u00f5e que quem n\u00e3o estiver espiritualmente evolu\u00eddo para a quinta dimens\u00e3o, n\u00e3o entrar\u00e1 na Nova Terra. Os esp\u00edritos que n\u00e3o se encaixam nisso, ser\u00e3o levados para outros planetas. Nas mensagens de Jav\u00e9 ele fala de um planeta chamado Quirom. N\u00e3o sei a que sistema planet\u00e1rio ele pertence. Essa metamorfose que a Terra est\u00e1 passando tem uma certa urg\u00eancia, pois, o ser humano est\u00e1 destruindo, atrav\u00e9s da polui\u00e7\u00e3o, muitas vidas e muitas delas ser\u00e1 a extin\u00e7\u00e3o completa. A terra, as \u00e1guas j\u00e1 est\u00e3o totalmente polu\u00eddas por elementos qu\u00edmicos. Os mam\u00edferos \u00e9 que est\u00e3o sentindo o maior peso da destrui\u00e7\u00e3o de seu habitat e das altera\u00e7\u00f5es que est\u00e3o havendo em seus corpos.<\/p>\n","protected":false},"excerpt":{"rendered":"<p>21\/07\/2023 O tempo anda depressa. Precisamos nos apressar para n\u00e3o perdermos o bonde da evolu\u00e7\u00e3o. O tempo \u00e9 importante para o esp\u00edrito, porque ele vem buscar no tempo da Terra, em um corpo f\u00edsico a oportunidade de evoluir mais depressa. Esse tempo, est\u00e1 se tornando cada vez mais curto, cada vez mais ex\u00edguo, porque est\u00e1 [&hellip;]<\/p>\n","protected":false},"author":1,"featured_media":0,"comment_status":"open","ping_status":"open","sticky":false,"template":"","format":"standard","meta":{"_mi_skip_tracking":false},"categories":[35],"tags":[],"_links":{"self":[{"href":"https:\/\/www.miguelfaccio.com.br\/blog\/index.php\/wp-json\/wp\/v2\/posts\/20370"}],"collection":[{"href":"https:\/\/www.miguelfaccio.com.br\/blog\/index.php\/wp-json\/wp\/v2\/posts"}],"about":[{"href":"https:\/\/www.miguelfaccio.com.br\/blog\/index.php\/wp-json\/wp\/v2\/types\/post"}],"author":[{"embeddable":true,"href":"https:\/\/www.miguelfaccio.com.br\/blog\/index.php\/wp-json\/wp\/v2\/users\/1"}],"replies":[{"embeddable":true,"href":"https:\/\/www.miguelfaccio.com.br\/blog\/index.php\/wp-json\/wp\/v2\/comments?post=20370"}],"version-history":[{"count":1,"href":"https:\/\/www.miguelfaccio.com.br\/blog\/index.php\/wp-json\/wp\/v2\/posts\/20370\/revisions"}],"predecessor-version":[{"id":20371,"href":"https:\/\/www.miguelfaccio.com.br\/blog\/index.php\/wp-json\/wp\/v2\/posts\/20370\/revisions\/20371"}],"wp:attachment":[{"href":"https:\/\/www.miguelfaccio.com.br\/blog\/index.php\/wp-json\/wp\/v2\/media?parent=20370"}],"wp:term":[{"taxonomy":"category","embeddable":true,"href":"https:\/\/www.miguelfaccio.com.br\/blog\/index.php\/wp-json\/wp\/v2\/categories?post=20370"},{"taxonomy":"post_tag","embeddable":true,"href":"https:\/\/www.miguelfaccio.com.br\/blog\/index.php\/wp-json\/wp\/v2\/tags?post=20370"}],"curies":[{"name":"wp","href":"https:\/\/api.w.org\/{rel}","templated":true}]}}