{"id":20362,"date":"2025-12-28T09:53:50","date_gmt":"2025-12-28T12:53:50","guid":{"rendered":"https:\/\/www.miguelfaccio.com.br\/blog\/?p=20362"},"modified":"2025-12-28T09:53:52","modified_gmt":"2025-12-28T12:53:52","slug":"plv4450-livro-29-diario-19-07-2023","status":"publish","type":"post","link":"https:\/\/www.miguelfaccio.com.br\/blog\/index.php\/plv4450-livro-29-diario-19-07-2023\/","title":{"rendered":"PLV4450 \u2013 Livro 29 \u2013 Di\u00e1rio, 19\/07\/2023"},"content":{"rendered":"\n<p class=\"has-text-align-right\"><strong>19\/07\/2023<\/strong><\/p>\n\n\n\n<p>O advento da Nova Era n\u00e3o \u00e9 uma imposi\u00e7\u00e3o vindo de cima, e, cai como um escafandro sobre o ser humano. Bem ao contr\u00e1rio. A Nova Era precisa brotar do cora\u00e7\u00e3o de cada ser, nascer, criar ra\u00edzes, crescer como uma linda \u00e1rvore e dar frutos. Quantas vezes j\u00e1 foi dito que o ser humano foi criado \u00e0 semelhan\u00e7a de Deus. Isto \u00e9, tem o poder de criar. Se o ser humano conseguisse ligar o que surgiu sobre a Terra com seu poder de criar, facilmente concluiria que o que ele n\u00e3o criou, foi criado por outro maior do que ele, e inclusive ele pr\u00f3prio que n\u00e3o \u00e9 fruto de chocadeira. Esse racioc\u00ednio precisa ser fixado no consciente do ser humano. \u00c9 necess\u00e1rio que o ser humano se reconhe\u00e7a como criador, e n\u00e3o s\u00f3 daquilo que pode ser visto, percebido, tocado, mas, e especialmente de seu pr\u00f3prio corpo que foi forjado sobre as cria\u00e7\u00f5es dos corpos anteriores do esp\u00edrito, os problemas que tem que enfrentar nesta sua curta estadia sobre a Terra, que eu chamaria de pedras, espinhas, cobras e lagartos que est\u00e3o na estrada que tem que percorrer. Quando estiver convicto disso, n\u00e3o precisar\u00e1 mais procurar vida fora de sua casa, ver\u00e1, ouvir\u00e1 e ler\u00e1 nos jornais, as intelig\u00eancias que ele n\u00e3o consegue entender, vindo mostrar-se em seu quintal. Se eles est\u00e3o aqui \u00e9 para que o ser humano entenda que vieram convid\u00e1-lo a acompanh\u00e1-los evolutivamente. Quando se despertar por esse convite, estar\u00e1 apto a iniciar uma sua Nova Era. Ver\u00e1 que a vida n\u00e3o tem fim. O que morre \u00e9 apenas o corpo.<\/p>\n","protected":false},"excerpt":{"rendered":"<p>19\/07\/2023 O advento da Nova Era n\u00e3o \u00e9 uma imposi\u00e7\u00e3o vindo de cima, e, cai como um escafandro sobre o ser humano. Bem ao contr\u00e1rio. A Nova Era precisa brotar do cora\u00e7\u00e3o de cada ser, nascer, criar ra\u00edzes, crescer como uma linda \u00e1rvore e dar frutos. Quantas vezes j\u00e1 foi dito que o ser humano [&hellip;]<\/p>\n","protected":false},"author":1,"featured_media":0,"comment_status":"open","ping_status":"open","sticky":false,"template":"","format":"standard","meta":{"_mi_skip_tracking":false},"categories":[35],"tags":[],"_links":{"self":[{"href":"https:\/\/www.miguelfaccio.com.br\/blog\/index.php\/wp-json\/wp\/v2\/posts\/20362"}],"collection":[{"href":"https:\/\/www.miguelfaccio.com.br\/blog\/index.php\/wp-json\/wp\/v2\/posts"}],"about":[{"href":"https:\/\/www.miguelfaccio.com.br\/blog\/index.php\/wp-json\/wp\/v2\/types\/post"}],"author":[{"embeddable":true,"href":"https:\/\/www.miguelfaccio.com.br\/blog\/index.php\/wp-json\/wp\/v2\/users\/1"}],"replies":[{"embeddable":true,"href":"https:\/\/www.miguelfaccio.com.br\/blog\/index.php\/wp-json\/wp\/v2\/comments?post=20362"}],"version-history":[{"count":1,"href":"https:\/\/www.miguelfaccio.com.br\/blog\/index.php\/wp-json\/wp\/v2\/posts\/20362\/revisions"}],"predecessor-version":[{"id":20363,"href":"https:\/\/www.miguelfaccio.com.br\/blog\/index.php\/wp-json\/wp\/v2\/posts\/20362\/revisions\/20363"}],"wp:attachment":[{"href":"https:\/\/www.miguelfaccio.com.br\/blog\/index.php\/wp-json\/wp\/v2\/media?parent=20362"}],"wp:term":[{"taxonomy":"category","embeddable":true,"href":"https:\/\/www.miguelfaccio.com.br\/blog\/index.php\/wp-json\/wp\/v2\/categories?post=20362"},{"taxonomy":"post_tag","embeddable":true,"href":"https:\/\/www.miguelfaccio.com.br\/blog\/index.php\/wp-json\/wp\/v2\/tags?post=20362"}],"curies":[{"name":"wp","href":"https:\/\/api.w.org\/{rel}","templated":true}]}}