{"id":20358,"date":"2025-12-27T09:11:58","date_gmt":"2025-12-27T12:11:58","guid":{"rendered":"https:\/\/www.miguelfaccio.com.br\/blog\/?p=20358"},"modified":"2025-12-27T09:12:00","modified_gmt":"2025-12-27T12:12:00","slug":"plv4449-livro-29-diario-18-07-2023","status":"publish","type":"post","link":"https:\/\/www.miguelfaccio.com.br\/blog\/index.php\/plv4449-livro-29-diario-18-07-2023\/","title":{"rendered":"PLV4449 \u2013 Livro 29 \u2013 Di\u00e1rio, 18\/07\/2023"},"content":{"rendered":"\n<p class=\"has-text-align-right\"><strong>18\/07\/2023<\/strong><\/p>\n\n\n\n<p>A Terra, cria\u00e7\u00e3o dos Deuses H\u00e9lios e Vesta, Deuses de nosso sistema solar, projetaram na luz primordial a imagem do que deveria ser esse novo planeta. Foram convidados os sete Eloh\u00edns para que fixassem essa imagem e se transformasse em um novo planeta. Planeta destinado a ser a Estrela da Liberdade. Muitos e muitos eon de tempo j\u00e1 passaram, muitos e muitas civiliza\u00e7\u00f5es j\u00e1 pisaram este solo, evolu\u00edram e extinguiram-se, digamos assim, partiram para outras dimens\u00f5es. Haviam ultrapassado o limite da terceira dimens\u00e3o, a dimens\u00e3o do criar e ressarcir, causado pela ignor\u00e2ncia, especialmente do corpo f\u00edsico, que, n\u00e3o fora capaz de discernir que as pedras e espinhos que encontrava em seu caminho eram criadas por si pr\u00f3prio, que depois precisava retir\u00e1-los, para poder continuar sua caminhada, mas voltava a cri\u00e1-los novamente. Talvez a Terra tenha passado por ber\u00e7\u00e1rio de esp\u00edritos rec\u00e9m-sa\u00eddos do pensamento de Deus, a primeira dimens\u00e3o. Depois subiu para jardim da inf\u00e2ncia de esp\u00edritos iniciando a conhecer a vida. Ap\u00f3s, surgiu como planeta do criar e ressarcir, das provas e expia\u00e7\u00f5es, at\u00e9 o homem reconhecer-se como o criador de sua pr\u00f3pria coroa de louros ou de espinhos que lhe picavam o corpo. Tomando disso consci\u00eancia, precisava dominar seu pensamento, a m\u00e1quina criadora, aquilo que o iguala a Deus. Com cuidado, com insist\u00eancia, aos poucos consegue transformar sua vida, tornar-se um candidato forte para a mestria, para a ascens\u00e3o. Tendo condi\u00e7\u00f5es de entrar na quinta dimens\u00e3o.<\/p>\n","protected":false},"excerpt":{"rendered":"<p>18\/07\/2023 A Terra, cria\u00e7\u00e3o dos Deuses H\u00e9lios e Vesta, Deuses de nosso sistema solar, projetaram na luz primordial a imagem do que deveria ser esse novo planeta. Foram convidados os sete Eloh\u00edns para que fixassem essa imagem e se transformasse em um novo planeta. Planeta destinado a ser a Estrela da Liberdade. Muitos e muitos [&hellip;]<\/p>\n","protected":false},"author":1,"featured_media":0,"comment_status":"open","ping_status":"open","sticky":false,"template":"","format":"standard","meta":{"_mi_skip_tracking":false},"categories":[35],"tags":[],"_links":{"self":[{"href":"https:\/\/www.miguelfaccio.com.br\/blog\/index.php\/wp-json\/wp\/v2\/posts\/20358"}],"collection":[{"href":"https:\/\/www.miguelfaccio.com.br\/blog\/index.php\/wp-json\/wp\/v2\/posts"}],"about":[{"href":"https:\/\/www.miguelfaccio.com.br\/blog\/index.php\/wp-json\/wp\/v2\/types\/post"}],"author":[{"embeddable":true,"href":"https:\/\/www.miguelfaccio.com.br\/blog\/index.php\/wp-json\/wp\/v2\/users\/1"}],"replies":[{"embeddable":true,"href":"https:\/\/www.miguelfaccio.com.br\/blog\/index.php\/wp-json\/wp\/v2\/comments?post=20358"}],"version-history":[{"count":1,"href":"https:\/\/www.miguelfaccio.com.br\/blog\/index.php\/wp-json\/wp\/v2\/posts\/20358\/revisions"}],"predecessor-version":[{"id":20359,"href":"https:\/\/www.miguelfaccio.com.br\/blog\/index.php\/wp-json\/wp\/v2\/posts\/20358\/revisions\/20359"}],"wp:attachment":[{"href":"https:\/\/www.miguelfaccio.com.br\/blog\/index.php\/wp-json\/wp\/v2\/media?parent=20358"}],"wp:term":[{"taxonomy":"category","embeddable":true,"href":"https:\/\/www.miguelfaccio.com.br\/blog\/index.php\/wp-json\/wp\/v2\/categories?post=20358"},{"taxonomy":"post_tag","embeddable":true,"href":"https:\/\/www.miguelfaccio.com.br\/blog\/index.php\/wp-json\/wp\/v2\/tags?post=20358"}],"curies":[{"name":"wp","href":"https:\/\/api.w.org\/{rel}","templated":true}]}}