{"id":20354,"date":"2025-12-26T09:24:19","date_gmt":"2025-12-26T12:24:19","guid":{"rendered":"https:\/\/www.miguelfaccio.com.br\/blog\/?p=20354"},"modified":"2025-12-26T09:24:20","modified_gmt":"2025-12-26T12:24:20","slug":"plv4448-livro-29-diario-17-07-2023","status":"publish","type":"post","link":"https:\/\/www.miguelfaccio.com.br\/blog\/index.php\/plv4448-livro-29-diario-17-07-2023\/","title":{"rendered":"PLV4448 \u2013 Livro 29 \u2013 Di\u00e1rio, 17\/07\/2023"},"content":{"rendered":"\n<p class=\"has-text-align-right\"><strong>17\/07\/2023<\/strong><\/p>\n\n\n\n<p>Ou universo \u00e9 uma palavra que n\u00e3o tem o entendimento que lhe \u00e9 devido. Tudo, absolutamente tudo est\u00e1 no universo e para melhor entendimento ele est\u00e1 dentro de Deus. Isto \u00e9, Deus \u00e9 maior que o universo e a ele comanda com suas leis imut\u00e1veis, que engloba a menor das part\u00edculas, o menor dos seres \u00e0 maior das gal\u00e1xias e ao universo como um todo. O universo \u00e9, tamb\u00e9m, o dep\u00f3sito, a dispensa de Deus. Contanto que o ser humano j\u00e1 tenha adquirido certa evolu\u00e7\u00e3o, ter\u00e1 poder atrav\u00e9s do pensamento de buscar no universo qualquer coisa de que precise, n\u00e3o importa o que seja. \u00c9 importante, para isso, que o ser humano al\u00e9m de um pensamento forte, tenha const\u00e2ncia para manter seu desejo sua cria\u00e7\u00e3o, porque \u00e9 o pensamento que cria tudo no universo. Se n\u00e3o houver const\u00e2ncia no pensamento que busca qualquer coisa no universo, n\u00e3o conseguir\u00e1. Precisa o ser humano desvencilhar-se da ditadura de seu consciente, que manda e j\u00e1 quer a resposta na m\u00e3o. Isso n\u00e3o funciona quando se trata de a rela\u00e7\u00e3o ser humano mat\u00e9ria com o outro lado da vida. Mas, para todos os efeitos, o pensamento \u00e9 o poder que nos iguala a Deus, ele \u00e9 o poder criador. N\u00e3o nos damos contas de que a vida que temos neste corpo devemos em sua maioria, aos corpos anteriores de nosso esp\u00edrito, que criaram, especialmente, as pedras e espinhas na estrada que estamos trilhando agora e n\u00f3s estamos criando para o pr\u00f3ximo corpo de nosso esp\u00edrito, outro tanto de pedras, espinhas, cobras e lagartos. Nunca esque\u00e7a: o corpo \u00e9 voc\u00ea, o esp\u00edrito tamb\u00e9m \u00e9 voc\u00ea.<\/p>\n","protected":false},"excerpt":{"rendered":"<p>17\/07\/2023 Ou universo \u00e9 uma palavra que n\u00e3o tem o entendimento que lhe \u00e9 devido. Tudo, absolutamente tudo est\u00e1 no universo e para melhor entendimento ele est\u00e1 dentro de Deus. Isto \u00e9, Deus \u00e9 maior que o universo e a ele comanda com suas leis imut\u00e1veis, que engloba a menor das part\u00edculas, o menor dos [&hellip;]<\/p>\n","protected":false},"author":1,"featured_media":0,"comment_status":"open","ping_status":"open","sticky":false,"template":"","format":"standard","meta":{"_mi_skip_tracking":false},"categories":[35],"tags":[],"_links":{"self":[{"href":"https:\/\/www.miguelfaccio.com.br\/blog\/index.php\/wp-json\/wp\/v2\/posts\/20354"}],"collection":[{"href":"https:\/\/www.miguelfaccio.com.br\/blog\/index.php\/wp-json\/wp\/v2\/posts"}],"about":[{"href":"https:\/\/www.miguelfaccio.com.br\/blog\/index.php\/wp-json\/wp\/v2\/types\/post"}],"author":[{"embeddable":true,"href":"https:\/\/www.miguelfaccio.com.br\/blog\/index.php\/wp-json\/wp\/v2\/users\/1"}],"replies":[{"embeddable":true,"href":"https:\/\/www.miguelfaccio.com.br\/blog\/index.php\/wp-json\/wp\/v2\/comments?post=20354"}],"version-history":[{"count":1,"href":"https:\/\/www.miguelfaccio.com.br\/blog\/index.php\/wp-json\/wp\/v2\/posts\/20354\/revisions"}],"predecessor-version":[{"id":20355,"href":"https:\/\/www.miguelfaccio.com.br\/blog\/index.php\/wp-json\/wp\/v2\/posts\/20354\/revisions\/20355"}],"wp:attachment":[{"href":"https:\/\/www.miguelfaccio.com.br\/blog\/index.php\/wp-json\/wp\/v2\/media?parent=20354"}],"wp:term":[{"taxonomy":"category","embeddable":true,"href":"https:\/\/www.miguelfaccio.com.br\/blog\/index.php\/wp-json\/wp\/v2\/categories?post=20354"},{"taxonomy":"post_tag","embeddable":true,"href":"https:\/\/www.miguelfaccio.com.br\/blog\/index.php\/wp-json\/wp\/v2\/tags?post=20354"}],"curies":[{"name":"wp","href":"https:\/\/api.w.org\/{rel}","templated":true}]}}