{"id":20350,"date":"2025-12-25T08:47:17","date_gmt":"2025-12-25T11:47:17","guid":{"rendered":"https:\/\/www.miguelfaccio.com.br\/blog\/?p=20350"},"modified":"2025-12-25T08:47:19","modified_gmt":"2025-12-25T11:47:19","slug":"plv4447-livro-29-diario-16-07-2023","status":"publish","type":"post","link":"https:\/\/www.miguelfaccio.com.br\/blog\/index.php\/plv4447-livro-29-diario-16-07-2023\/","title":{"rendered":"PLV4447 \u2013 Livro 29 \u2013 Di\u00e1rio, 16\/07\/2023"},"content":{"rendered":"\n<p class=\"has-text-align-right\"><strong>16\/07\/2023<\/strong><\/p>\n\n\n\n<p>Tudo no universo \u00e9 luz. N\u00e3o podemos v\u00ea-la porque nossos sentidos s\u00e3o extremamente bitolados, at\u00e9 em compara\u00e7\u00e3o com alguns animais que veem \u00e0 noite t\u00e3o bem quanto \u00e0 luz do sol. \u00c9 claro que h\u00e1 exce\u00e7\u00f5es dentro da humanidade total. Mas os reles mortais na aus\u00eancia de uma luz externa, tornam-se cegos. \u00c0 noite, sem a luz da lua apenas percebem vultos. Mesmo \u00e0 despeito disso, todo o universo \u00e9 luz. A partir do menor elemento considerado mat\u00e9ria, o \u00e1tomo, \u00e9 composto por um n\u00facleo e por pequenos pontos de luz, chamados de el\u00e9trons, que giram ao seu redor. A luz est\u00e1 desde o princ\u00edpio de qualquer coisa, forma tudo o que existe no universo, porque tudo \u00e9 formado por \u00e1tomos e o \u00e1tomo \u00e9 um foco de luz. Qualquer \u00e1tomo, porque o que diferencia um elemento do outro \u00e9 apenas a quantidade de el\u00e9trons que possui. O \u00e1tomo, d\u00e1 para dizer, \u00e9 a obra prima do Criador. Depois, unindo \u00e1tomos, sem fim, forma tudo o que h\u00e1 no universo. Nosso corpo \u00e9 formado de uma quantidade sem fim de \u00e1tomos, uma quantidade sem fim de pequenas luzes que formam uma s\u00f3 luz. Nosso esp\u00edrito, como n\u00e3o \u00e9 mat\u00e9ria, \u00e9 formado de energia, a energia oriunda do Deus Uno Pai\/M\u00e3e, que foi individualizado na plena simplicidade e ignor\u00e2ncia e teve que evoluir por sua pr\u00f3pria escolha e vontade. Essa energia, tal como a mat\u00e9ria, precisa evoluir, porque tudo no universo evolui, nada ficar\u00e1 eternamente em seu ber\u00e7o.<\/p>\n","protected":false},"excerpt":{"rendered":"<p>16\/07\/2023 Tudo no universo \u00e9 luz. N\u00e3o podemos v\u00ea-la porque nossos sentidos s\u00e3o extremamente bitolados, at\u00e9 em compara\u00e7\u00e3o com alguns animais que veem \u00e0 noite t\u00e3o bem quanto \u00e0 luz do sol. \u00c9 claro que h\u00e1 exce\u00e7\u00f5es dentro da humanidade total. Mas os reles mortais na aus\u00eancia de uma luz externa, tornam-se cegos. \u00c0 noite, [&hellip;]<\/p>\n","protected":false},"author":1,"featured_media":0,"comment_status":"open","ping_status":"open","sticky":false,"template":"","format":"standard","meta":{"_mi_skip_tracking":false},"categories":[35],"tags":[],"_links":{"self":[{"href":"https:\/\/www.miguelfaccio.com.br\/blog\/index.php\/wp-json\/wp\/v2\/posts\/20350"}],"collection":[{"href":"https:\/\/www.miguelfaccio.com.br\/blog\/index.php\/wp-json\/wp\/v2\/posts"}],"about":[{"href":"https:\/\/www.miguelfaccio.com.br\/blog\/index.php\/wp-json\/wp\/v2\/types\/post"}],"author":[{"embeddable":true,"href":"https:\/\/www.miguelfaccio.com.br\/blog\/index.php\/wp-json\/wp\/v2\/users\/1"}],"replies":[{"embeddable":true,"href":"https:\/\/www.miguelfaccio.com.br\/blog\/index.php\/wp-json\/wp\/v2\/comments?post=20350"}],"version-history":[{"count":1,"href":"https:\/\/www.miguelfaccio.com.br\/blog\/index.php\/wp-json\/wp\/v2\/posts\/20350\/revisions"}],"predecessor-version":[{"id":20351,"href":"https:\/\/www.miguelfaccio.com.br\/blog\/index.php\/wp-json\/wp\/v2\/posts\/20350\/revisions\/20351"}],"wp:attachment":[{"href":"https:\/\/www.miguelfaccio.com.br\/blog\/index.php\/wp-json\/wp\/v2\/media?parent=20350"}],"wp:term":[{"taxonomy":"category","embeddable":true,"href":"https:\/\/www.miguelfaccio.com.br\/blog\/index.php\/wp-json\/wp\/v2\/categories?post=20350"},{"taxonomy":"post_tag","embeddable":true,"href":"https:\/\/www.miguelfaccio.com.br\/blog\/index.php\/wp-json\/wp\/v2\/tags?post=20350"}],"curies":[{"name":"wp","href":"https:\/\/api.w.org\/{rel}","templated":true}]}}