{"id":20346,"date":"2025-12-24T08:55:25","date_gmt":"2025-12-24T11:55:25","guid":{"rendered":"https:\/\/www.miguelfaccio.com.br\/blog\/?p=20346"},"modified":"2025-12-24T08:55:27","modified_gmt":"2025-12-24T11:55:27","slug":"plv4446-livro-29-diario-15-07-2023","status":"publish","type":"post","link":"https:\/\/www.miguelfaccio.com.br\/blog\/index.php\/plv4446-livro-29-diario-15-07-2023\/","title":{"rendered":"PLV4446 \u2013 Livro 29 \u2013 Di\u00e1rio, 15\/07\/2023"},"content":{"rendered":"\n<p class=\"has-text-align-right\"><strong>15\/07\/2023<\/strong><\/p>\n\n\n\n<p>Todo o ato, palavra ou pensamento tem, sempre, a cria\u00e7\u00e3o de uma energia. N\u00f3s somos, tanto o corpo como o esp\u00edrito, a soma de nossas energias criadas. Passamos o dia criando e isso vai para o astral e voltar\u00e1 tudo para o esp\u00edrito que sustenta este corpo e, a parte que \u00e9 poss\u00edvel resgatar j\u00e1, assim o ser\u00e1. O que n\u00e3o for poss\u00edvel resgatar durante a vida do corpo, vai com o esp\u00edrito para a vida ap\u00f3s a vida, e entrar\u00e1 no escopo de tudo aquilo que precisa resgatar em nova encarna\u00e7\u00e3o e o Conselho C\u00e1rmico lhe far\u00e1 um projeto, para que consiga em parte que \u00e9 poss\u00edvel ser resgatado. Geralmente para os seres humanos, a forma como s\u00e3o educados, a forma como vivem na sociedade, \u00e9 um empecilho para que o resgate do esp\u00edrito n\u00e3o seja pesado demais, o Conselho C\u00e1rmico dosa os resgates que s\u00e3o poss\u00edveis ao esp\u00edrito. Quando os resgates s\u00e3o grandes, ent\u00e3o, come\u00e7am desde a mais tenra idade. O que precisa \u00e0 essa humanidade, \u00e9 tomar consci\u00eancia que Deus n\u00e3o pune ningu\u00e9m. O que est\u00e1 acontecendo com cada ser humano \u00e9 o efeito da Lei do Retorno, a Lei da Causa e Efeito. Dizendo como as palavras de Jesus, \u201ca semeadura \u00e9 livre, mas a colheita \u00e9 obrigat\u00f3ria\u201d. D\u00e1, tamb\u00e9m, para buscar a origem da pr\u00f3pria ci\u00eancia dos homens, na terceira lei de Newton \u201ca todo o ato, h\u00e1 um outro ato, na mesma intensidade, mas em sentido contr\u00e1rio\u201d. S\u00e3o as consequ\u00eancias das vidas anteriores do esp\u00edrito em outros corpos. Gosto de dizer: a vida \u00e9 uma soma de consequ\u00eancias.<\/p>\n","protected":false},"excerpt":{"rendered":"<p>15\/07\/2023 Todo o ato, palavra ou pensamento tem, sempre, a cria\u00e7\u00e3o de uma energia. N\u00f3s somos, tanto o corpo como o esp\u00edrito, a soma de nossas energias criadas. Passamos o dia criando e isso vai para o astral e voltar\u00e1 tudo para o esp\u00edrito que sustenta este corpo e, a parte que \u00e9 poss\u00edvel resgatar [&hellip;]<\/p>\n","protected":false},"author":1,"featured_media":0,"comment_status":"open","ping_status":"open","sticky":false,"template":"","format":"standard","meta":{"_mi_skip_tracking":false},"categories":[35],"tags":[],"_links":{"self":[{"href":"https:\/\/www.miguelfaccio.com.br\/blog\/index.php\/wp-json\/wp\/v2\/posts\/20346"}],"collection":[{"href":"https:\/\/www.miguelfaccio.com.br\/blog\/index.php\/wp-json\/wp\/v2\/posts"}],"about":[{"href":"https:\/\/www.miguelfaccio.com.br\/blog\/index.php\/wp-json\/wp\/v2\/types\/post"}],"author":[{"embeddable":true,"href":"https:\/\/www.miguelfaccio.com.br\/blog\/index.php\/wp-json\/wp\/v2\/users\/1"}],"replies":[{"embeddable":true,"href":"https:\/\/www.miguelfaccio.com.br\/blog\/index.php\/wp-json\/wp\/v2\/comments?post=20346"}],"version-history":[{"count":1,"href":"https:\/\/www.miguelfaccio.com.br\/blog\/index.php\/wp-json\/wp\/v2\/posts\/20346\/revisions"}],"predecessor-version":[{"id":20347,"href":"https:\/\/www.miguelfaccio.com.br\/blog\/index.php\/wp-json\/wp\/v2\/posts\/20346\/revisions\/20347"}],"wp:attachment":[{"href":"https:\/\/www.miguelfaccio.com.br\/blog\/index.php\/wp-json\/wp\/v2\/media?parent=20346"}],"wp:term":[{"taxonomy":"category","embeddable":true,"href":"https:\/\/www.miguelfaccio.com.br\/blog\/index.php\/wp-json\/wp\/v2\/categories?post=20346"},{"taxonomy":"post_tag","embeddable":true,"href":"https:\/\/www.miguelfaccio.com.br\/blog\/index.php\/wp-json\/wp\/v2\/tags?post=20346"}],"curies":[{"name":"wp","href":"https:\/\/api.w.org\/{rel}","templated":true}]}}