{"id":20332,"date":"2025-12-21T08:37:04","date_gmt":"2025-12-21T11:37:04","guid":{"rendered":"https:\/\/www.miguelfaccio.com.br\/blog\/?p=20332"},"modified":"2025-12-21T08:37:06","modified_gmt":"2025-12-21T11:37:06","slug":"plv4443-livro-29-diario-12-07-2023","status":"publish","type":"post","link":"https:\/\/www.miguelfaccio.com.br\/blog\/index.php\/plv4443-livro-29-diario-12-07-2023\/","title":{"rendered":"PLV4443 \u2013 Livro 29 \u2013 Di\u00e1rio, 12\/07\/2023"},"content":{"rendered":"\n<p class=\"has-text-align-right\"><strong>12\/07\/223<\/strong><\/p>\n\n\n\n<p>O v\u00e9u da mat\u00e9ria encobre uma realidade muito grande, que, somente \u00e9 vis\u00edvel \u00e0queles que est\u00e3o do outro lado da mat\u00e9ria, ou seja, na vida ap\u00f3s a vida. O tempo somente \u00e9 sentido aqui na mat\u00e9ria, e, na realidade mesmo, o que existe \u00e9 o espa\u00e7o. O tempo, nas suas mais variadas divis\u00f5es, \u00e9 apenas filos\u00f3fico. O tempo em horas, minutos, serve apenas para a localiza\u00e7\u00e3o dentro do espa\u00e7o. Por exemplo: se usar o espa\u00e7o, marcas um encontro quando o sol est\u00e1 a pino. Ou ent\u00e3o ao nascer do sol. Ou no poente. Para facilitar esse entendimento usa-se: 24 horas ou, \u00e0s 7 horas ou \u00e0s 18:30 horas. O tempo \u00e9 somente isso, localizar-se dentro do espa\u00e7o. Poder\u00edamos dizer que o \u00fanico tempo que realmente existe \u00e9 o agora. O agora \u00e9 o tempo de Deus. \u00c9 somente neste tempo que podemos agir e interagir, tanto no esp\u00edrito como na mat\u00e9ria, como ser humano em todas as suas atividades. Nada se consegue fazer fora do agora. O agora \u00e9 o espa\u00e7o-tempo que est\u00e1 passando \u00e0 minha frente. Para quaisquer efeitos s\u00f3 existe esse, onde posso fazer alguma coisa. O passado, \u00e9 o agora que passou e deixou suas marcas e s\u00f3, como se diz por aqui, j\u00e1 era. O futuro aos poucos se apresenta como o agora, onde traz as consequ\u00eancias que o passado lhe deixou. Quando se torna agora, \u00e9 o momento em que precisamos resgatar os malfeitos que o passado deixou. A \u00fanica fun\u00e7\u00e3o do futuro \u00e9 apresentar os agora que v\u00e3o passando a nossa frente.<\/p>\n","protected":false},"excerpt":{"rendered":"<p>12\/07\/223 O v\u00e9u da mat\u00e9ria encobre uma realidade muito grande, que, somente \u00e9 vis\u00edvel \u00e0queles que est\u00e3o do outro lado da mat\u00e9ria, ou seja, na vida ap\u00f3s a vida. O tempo somente \u00e9 sentido aqui na mat\u00e9ria, e, na realidade mesmo, o que existe \u00e9 o espa\u00e7o. O tempo, nas suas mais variadas divis\u00f5es, \u00e9 [&hellip;]<\/p>\n","protected":false},"author":1,"featured_media":0,"comment_status":"open","ping_status":"open","sticky":false,"template":"","format":"standard","meta":{"_mi_skip_tracking":false},"categories":[35],"tags":[],"_links":{"self":[{"href":"https:\/\/www.miguelfaccio.com.br\/blog\/index.php\/wp-json\/wp\/v2\/posts\/20332"}],"collection":[{"href":"https:\/\/www.miguelfaccio.com.br\/blog\/index.php\/wp-json\/wp\/v2\/posts"}],"about":[{"href":"https:\/\/www.miguelfaccio.com.br\/blog\/index.php\/wp-json\/wp\/v2\/types\/post"}],"author":[{"embeddable":true,"href":"https:\/\/www.miguelfaccio.com.br\/blog\/index.php\/wp-json\/wp\/v2\/users\/1"}],"replies":[{"embeddable":true,"href":"https:\/\/www.miguelfaccio.com.br\/blog\/index.php\/wp-json\/wp\/v2\/comments?post=20332"}],"version-history":[{"count":1,"href":"https:\/\/www.miguelfaccio.com.br\/blog\/index.php\/wp-json\/wp\/v2\/posts\/20332\/revisions"}],"predecessor-version":[{"id":20333,"href":"https:\/\/www.miguelfaccio.com.br\/blog\/index.php\/wp-json\/wp\/v2\/posts\/20332\/revisions\/20333"}],"wp:attachment":[{"href":"https:\/\/www.miguelfaccio.com.br\/blog\/index.php\/wp-json\/wp\/v2\/media?parent=20332"}],"wp:term":[{"taxonomy":"category","embeddable":true,"href":"https:\/\/www.miguelfaccio.com.br\/blog\/index.php\/wp-json\/wp\/v2\/categories?post=20332"},{"taxonomy":"post_tag","embeddable":true,"href":"https:\/\/www.miguelfaccio.com.br\/blog\/index.php\/wp-json\/wp\/v2\/tags?post=20332"}],"curies":[{"name":"wp","href":"https:\/\/api.w.org\/{rel}","templated":true}]}}