{"id":20328,"date":"2025-12-20T08:40:56","date_gmt":"2025-12-20T11:40:56","guid":{"rendered":"https:\/\/www.miguelfaccio.com.br\/blog\/?p=20328"},"modified":"2025-12-20T08:40:58","modified_gmt":"2025-12-20T11:40:58","slug":"plv4442-livro-29-diario-11-07-2023","status":"publish","type":"post","link":"https:\/\/www.miguelfaccio.com.br\/blog\/index.php\/plv4442-livro-29-diario-11-07-2023\/","title":{"rendered":"PLV4442 \u2013 Livro 29 \u2013 Di\u00e1rio, 11\/07\/2023"},"content":{"rendered":"\n<p class=\"has-text-align-right\"><strong>11\/07\/2023<\/strong><\/p>\n\n\n\n<p>O universo \u00e9 um s\u00f3. Ele \u00e9 composto de energia. A varia\u00e7\u00e3o desta energia \u00e9 Deus em a\u00e7\u00e3o, \u00e9 que forma as individualidades que \u00e9 cada ser que existe no universo Os seres, todos, s\u00e3o criados, isto \u00e9, sa\u00edram do pensamento do Deus Uno que \u00e9 o dep\u00f3sito de toda a energia. \u00c9 preciso entender que os seres de uma certa energia em diante, j\u00e1 s\u00e3o com todas as energias acima, um s\u00f3 pensamento, uma s\u00f3 palavra e uma s\u00f3 obra, porque a energia de todo o iluminado, sejam Deuses ou n\u00e3o, ela tem sua origem no Deus Uno Pai\/M\u00e3e. S\u00f3 para um exemplo, a Terra, sua imagem fora projetada sobre a luz primordial pelos Deuses H\u00e9lios e Vesta, que s\u00e3o os Deuses de nosso sistema solar, e fora fixada essa imagem pelo sete Elohins, que a tornaram uma realidade no sistema solar. Desta forma, foram criados todos os orbes existentes no universo. Cada um desses apresenta uma frequ\u00eancia e intensidade espec\u00edfica dentro do universo. As sombras e a luz est\u00e3o cada uma numa extremidade dessa energia. A luz \u00e9 a vibra\u00e7\u00e3o da energia, quanto mais alta essa vibra\u00e7\u00e3o, maior \u00e9 a luz. Quanto menos vibra\u00e7\u00e3o ou anula\u00e7\u00e3o da vibra\u00e7\u00e3o teremos as trevas. Quem estabelece isso s\u00e3o os seres humanos, de cuja energia prov\u00e9m a luz ou as trevas. N\u00e3o \u00e9 f\u00e1cil o entendimento disso, pois o ser humano s\u00f3 cr\u00ea naquilo que entendeu da vida. Fora isso, nada mais existe. Mesmo sabendo que tem uma alma, nada faz por ela, apenas satisfaz seu orgulho e vaidade.<\/p>\n","protected":false},"excerpt":{"rendered":"<p>11\/07\/2023 O universo \u00e9 um s\u00f3. Ele \u00e9 composto de energia. A varia\u00e7\u00e3o desta energia \u00e9 Deus em a\u00e7\u00e3o, \u00e9 que forma as individualidades que \u00e9 cada ser que existe no universo Os seres, todos, s\u00e3o criados, isto \u00e9, sa\u00edram do pensamento do Deus Uno que \u00e9 o dep\u00f3sito de toda a energia. \u00c9 preciso [&hellip;]<\/p>\n","protected":false},"author":1,"featured_media":0,"comment_status":"open","ping_status":"open","sticky":false,"template":"","format":"standard","meta":{"_mi_skip_tracking":false},"categories":[35],"tags":[],"_links":{"self":[{"href":"https:\/\/www.miguelfaccio.com.br\/blog\/index.php\/wp-json\/wp\/v2\/posts\/20328"}],"collection":[{"href":"https:\/\/www.miguelfaccio.com.br\/blog\/index.php\/wp-json\/wp\/v2\/posts"}],"about":[{"href":"https:\/\/www.miguelfaccio.com.br\/blog\/index.php\/wp-json\/wp\/v2\/types\/post"}],"author":[{"embeddable":true,"href":"https:\/\/www.miguelfaccio.com.br\/blog\/index.php\/wp-json\/wp\/v2\/users\/1"}],"replies":[{"embeddable":true,"href":"https:\/\/www.miguelfaccio.com.br\/blog\/index.php\/wp-json\/wp\/v2\/comments?post=20328"}],"version-history":[{"count":1,"href":"https:\/\/www.miguelfaccio.com.br\/blog\/index.php\/wp-json\/wp\/v2\/posts\/20328\/revisions"}],"predecessor-version":[{"id":20329,"href":"https:\/\/www.miguelfaccio.com.br\/blog\/index.php\/wp-json\/wp\/v2\/posts\/20328\/revisions\/20329"}],"wp:attachment":[{"href":"https:\/\/www.miguelfaccio.com.br\/blog\/index.php\/wp-json\/wp\/v2\/media?parent=20328"}],"wp:term":[{"taxonomy":"category","embeddable":true,"href":"https:\/\/www.miguelfaccio.com.br\/blog\/index.php\/wp-json\/wp\/v2\/categories?post=20328"},{"taxonomy":"post_tag","embeddable":true,"href":"https:\/\/www.miguelfaccio.com.br\/blog\/index.php\/wp-json\/wp\/v2\/tags?post=20328"}],"curies":[{"name":"wp","href":"https:\/\/api.w.org\/{rel}","templated":true}]}}