{"id":20324,"date":"2025-12-19T09:01:54","date_gmt":"2025-12-19T12:01:54","guid":{"rendered":"https:\/\/www.miguelfaccio.com.br\/blog\/?p=20324"},"modified":"2025-12-19T09:02:01","modified_gmt":"2025-12-19T12:02:01","slug":"plv4441-livro-29-diario-10-07-2023","status":"publish","type":"post","link":"https:\/\/www.miguelfaccio.com.br\/blog\/index.php\/plv4441-livro-29-diario-10-07-2023\/","title":{"rendered":"PLV4441 \u2013 Livro 29 \u2013 Di\u00e1rio, 10\/07\/2023"},"content":{"rendered":"\n<p class=\"has-text-align-right\"><strong>10\/07\/2023<\/strong><\/p>\n\n\n\n<p>Nunca podemos esquecer as palavras do Cristo: \u201cA semeadura \u00e9 livre, mas a colheita \u00e9 obrigat\u00f3ria\u201d. Aqui est\u00e1, em grande parte, a s\u00edntese de nossa vida, quando no corpo f\u00edsico percept\u00edvel por ele. Pois como instrumento do esp\u00edrito \u00e9 ele que \u00e9 intermedi\u00e1rio na mat\u00e9ria, e como tal sofre as consequ\u00eancias que s\u00e3o vistas e percebidas por todos. Mas, temos de aqui fazer uma observa\u00e7\u00e3o. O corpo n\u00e3o sofre, quem sofre \u00e9 o esp\u00edrito. O corpo \u00e9 apenas um intermedi\u00e1rio da atividade do esp\u00edrito, na mat\u00e9ria. O corpo tem seu tempo determinado de vida, venceu este tempo, ele vai para o cemit\u00e9rio, e terminou. Bem-aventurado \u00e9 o esp\u00edrito quando o corpo consegue fazer algum resgate das suas transgress\u00f5es \u00e0 Lei. Por exemplo: quem fuma, ter no final da vida f\u00edsica um c\u00e2ncer de pulm\u00e3o. Ou, quem bebe demasiadamente, ter no final da vida um c\u00e2ncer de f\u00edgado. Geralmente essas doen\u00e7as terminais muito graves, s\u00e3o sinal de resgates que o corpo est\u00e1 fazendo de erros cometidos, e desta forma est\u00e1 aliviando as energias negativas que o esp\u00edrito ter\u00e1 que carregar para serem exorcizadas posteriormente. Nunca esque\u00e7am as palavras do Cristo: \u201cA semeadura \u00e9 livre, mas a colheita \u00e9 obrigat\u00f3ria\u201d. N\u00e3o importa se \u00e9 o mesmo corpo que est\u00e1 resgatando, seus erros ou n\u00e3o, porque quem resgata \u00e9 o esp\u00edrito que d\u00e1 a vida e a exist\u00eancia a esse corpo. Neste corpo, no pr\u00f3ximo, ou em outro mais long\u00ednquo, n\u00e3o importa, porque para alcan\u00e7ar a evolu\u00e7\u00e3o espiritual o esp\u00edrito precisa estar t\u00e3o alvo como quando saiu do pensamento de Deus.<\/p>\n","protected":false},"excerpt":{"rendered":"<p>10\/07\/2023 Nunca podemos esquecer as palavras do Cristo: \u201cA semeadura \u00e9 livre, mas a colheita \u00e9 obrigat\u00f3ria\u201d. Aqui est\u00e1, em grande parte, a s\u00edntese de nossa vida, quando no corpo f\u00edsico percept\u00edvel por ele. Pois como instrumento do esp\u00edrito \u00e9 ele que \u00e9 intermedi\u00e1rio na mat\u00e9ria, e como tal sofre as consequ\u00eancias que s\u00e3o vistas [&hellip;]<\/p>\n","protected":false},"author":1,"featured_media":0,"comment_status":"open","ping_status":"open","sticky":false,"template":"","format":"standard","meta":{"_mi_skip_tracking":false},"categories":[35],"tags":[],"_links":{"self":[{"href":"https:\/\/www.miguelfaccio.com.br\/blog\/index.php\/wp-json\/wp\/v2\/posts\/20324"}],"collection":[{"href":"https:\/\/www.miguelfaccio.com.br\/blog\/index.php\/wp-json\/wp\/v2\/posts"}],"about":[{"href":"https:\/\/www.miguelfaccio.com.br\/blog\/index.php\/wp-json\/wp\/v2\/types\/post"}],"author":[{"embeddable":true,"href":"https:\/\/www.miguelfaccio.com.br\/blog\/index.php\/wp-json\/wp\/v2\/users\/1"}],"replies":[{"embeddable":true,"href":"https:\/\/www.miguelfaccio.com.br\/blog\/index.php\/wp-json\/wp\/v2\/comments?post=20324"}],"version-history":[{"count":1,"href":"https:\/\/www.miguelfaccio.com.br\/blog\/index.php\/wp-json\/wp\/v2\/posts\/20324\/revisions"}],"predecessor-version":[{"id":20325,"href":"https:\/\/www.miguelfaccio.com.br\/blog\/index.php\/wp-json\/wp\/v2\/posts\/20324\/revisions\/20325"}],"wp:attachment":[{"href":"https:\/\/www.miguelfaccio.com.br\/blog\/index.php\/wp-json\/wp\/v2\/media?parent=20324"}],"wp:term":[{"taxonomy":"category","embeddable":true,"href":"https:\/\/www.miguelfaccio.com.br\/blog\/index.php\/wp-json\/wp\/v2\/categories?post=20324"},{"taxonomy":"post_tag","embeddable":true,"href":"https:\/\/www.miguelfaccio.com.br\/blog\/index.php\/wp-json\/wp\/v2\/tags?post=20324"}],"curies":[{"name":"wp","href":"https:\/\/api.w.org\/{rel}","templated":true}]}}