{"id":20316,"date":"2025-12-17T08:48:39","date_gmt":"2025-12-17T11:48:39","guid":{"rendered":"https:\/\/www.miguelfaccio.com.br\/blog\/?p=20316"},"modified":"2025-12-17T08:48:40","modified_gmt":"2025-12-17T11:48:40","slug":"plv4439-livro-29-diario-08-07-2023","status":"publish","type":"post","link":"https:\/\/www.miguelfaccio.com.br\/blog\/index.php\/plv4439-livro-29-diario-08-07-2023\/","title":{"rendered":"PLV4439 \u2013 Livro 29 \u2013 Di\u00e1rio, 08\/07\/2023"},"content":{"rendered":"\n<p class=\"has-text-align-right\"><strong>08\/07\/2023<\/strong><\/p>\n\n\n\n<p>A evolu\u00e7\u00e3o do esp\u00edrito e a evolu\u00e7\u00e3o da mat\u00e9ria s\u00e3o duas coisas que deveriam andar juntas, mas as tend\u00eancias dos seres humanos, daqueles que laboram, especialmente com a qu\u00edmica, s\u00e3o seres bitolados, achando que tudo podem, contanto que eliminem os agentes prejudiciais, especialmente da lavoura. N\u00e3o importa que contamine os len\u00e7\u00f3is fre\u00e1ticos, as nascentes, em s\u00edntese, a \u00e1gua, contanto que terminem como os parasitas e as ervas daninhas que tentam diminuir o lucro do produtor. N\u00e3o importam as consequ\u00eancias, \u00e9 preciso eliminar as causas. Nessas consequ\u00eancias est\u00e3o todos os animais e humanos que precisam adaptar-se a uma digest\u00e3o diferente de alimentos qu\u00edmicos inorg\u00e2nicos. O f\u00edgado e o sistema digestivo n\u00e3o possuem estrutura para digerir elementos inorg\u00e2nicos. Isso se tornar\u00e1 de tal forma insustent\u00e1vel que ter\u00e1 consequ\u00eancias tremendamente dif\u00edceis a todos os seres animais e humanos. Isso levar\u00e1 propriamente ao planeta a extin\u00e7\u00e3o quase total do elemento vida. Se n\u00e3o houver uma tomada de posi\u00e7\u00e3o dos comandantes desse nosso sistema planet\u00e1rio, poucas chances teremos de alcan\u00e7ar o pr\u00f3ximo s\u00e9culo. O homem, por si s\u00f3, n\u00e3o muda. H\u00e1 a necessidade de que algo que venha de cima ponha o dedo na sua moleira. Os que trabalham com a pesquisa, n\u00e3o est\u00e3o preocupados com as consequ\u00eancias, querem eliminar a causa, e que em contrapartida que renda lucros.<\/p>\n","protected":false},"excerpt":{"rendered":"<p>08\/07\/2023 A evolu\u00e7\u00e3o do esp\u00edrito e a evolu\u00e7\u00e3o da mat\u00e9ria s\u00e3o duas coisas que deveriam andar juntas, mas as tend\u00eancias dos seres humanos, daqueles que laboram, especialmente com a qu\u00edmica, s\u00e3o seres bitolados, achando que tudo podem, contanto que eliminem os agentes prejudiciais, especialmente da lavoura. N\u00e3o importa que contamine os len\u00e7\u00f3is fre\u00e1ticos, as nascentes, [&hellip;]<\/p>\n","protected":false},"author":1,"featured_media":0,"comment_status":"open","ping_status":"open","sticky":false,"template":"","format":"standard","meta":{"_mi_skip_tracking":false},"categories":[35],"tags":[],"_links":{"self":[{"href":"https:\/\/www.miguelfaccio.com.br\/blog\/index.php\/wp-json\/wp\/v2\/posts\/20316"}],"collection":[{"href":"https:\/\/www.miguelfaccio.com.br\/blog\/index.php\/wp-json\/wp\/v2\/posts"}],"about":[{"href":"https:\/\/www.miguelfaccio.com.br\/blog\/index.php\/wp-json\/wp\/v2\/types\/post"}],"author":[{"embeddable":true,"href":"https:\/\/www.miguelfaccio.com.br\/blog\/index.php\/wp-json\/wp\/v2\/users\/1"}],"replies":[{"embeddable":true,"href":"https:\/\/www.miguelfaccio.com.br\/blog\/index.php\/wp-json\/wp\/v2\/comments?post=20316"}],"version-history":[{"count":1,"href":"https:\/\/www.miguelfaccio.com.br\/blog\/index.php\/wp-json\/wp\/v2\/posts\/20316\/revisions"}],"predecessor-version":[{"id":20317,"href":"https:\/\/www.miguelfaccio.com.br\/blog\/index.php\/wp-json\/wp\/v2\/posts\/20316\/revisions\/20317"}],"wp:attachment":[{"href":"https:\/\/www.miguelfaccio.com.br\/blog\/index.php\/wp-json\/wp\/v2\/media?parent=20316"}],"wp:term":[{"taxonomy":"category","embeddable":true,"href":"https:\/\/www.miguelfaccio.com.br\/blog\/index.php\/wp-json\/wp\/v2\/categories?post=20316"},{"taxonomy":"post_tag","embeddable":true,"href":"https:\/\/www.miguelfaccio.com.br\/blog\/index.php\/wp-json\/wp\/v2\/tags?post=20316"}],"curies":[{"name":"wp","href":"https:\/\/api.w.org\/{rel}","templated":true}]}}