{"id":20312,"date":"2025-12-16T09:23:09","date_gmt":"2025-12-16T12:23:09","guid":{"rendered":"https:\/\/www.miguelfaccio.com.br\/blog\/?p=20312"},"modified":"2025-12-16T09:23:11","modified_gmt":"2025-12-16T12:23:11","slug":"plv4438-livro-29-diario-07-07-2023","status":"publish","type":"post","link":"https:\/\/www.miguelfaccio.com.br\/blog\/index.php\/plv4438-livro-29-diario-07-07-2023\/","title":{"rendered":"PLV4438 \u2013 Livro 29 \u2013 Di\u00e1rio, 07\/07\/2023"},"content":{"rendered":"\n<p class=\"has-text-align-right\"><strong>07\/07\/2023<\/strong><\/p>\n\n\n\n<p>A vida do esp\u00edrito pode ser muito bem comparada com a vida de um ser humano. O esp\u00edrito foi criado de uma part\u00edcula do Deus Uno, na maior simplicidade e ignor\u00e2ncia. O ser humano tamb\u00e9m iniciou a exist\u00eancia do corpo da mesma forma, na plena simplicidade e ignor\u00e2ncia. Ambos tiveram que evoluir. O esp\u00edrito foi levado para um planeta em primeira dimens\u00e3o, depois passou para segunda e quando apresentou condi\u00e7\u00f5es de criar pelo pr\u00f3prio pensamento, ingressou em um planeta em terceira dimens\u00e3o. Assim passou a criar tudo que lhe diz respeito, inclusive o pr\u00f3prio corpo f\u00edsico que usaria na pr\u00f3xima reencarna\u00e7\u00e3o. No corpo, experienciando o conhecimento que \u00e9 a forma de intelectualizar e fixar em seu consciente este conhecimento. Isso lhe abre as portas para a evolu\u00e7\u00e3o, dando-lhe condi\u00e7\u00f5es de, aos poucos, alcan\u00e7ar a mestria. A mesma situa\u00e7\u00e3o, somente na mat\u00e9ria, acontece com o corpo f\u00edsico. Passa oito, dez meses ou um ano dependendo exclusivamente da m\u00e3e. Depois, passa cinco ou seis anos tateando e experienciando tudo o que lhe passa pela frente. Isso desenvolve sua intelig\u00eancia, seu racioc\u00ednio, d\u00e1 asas a seu pensamento que inicia, tamb\u00e9m, a criar. O corpo est\u00e1 pronto para exercer sua principal atividade para com seu esp\u00edrito, ser-lhe seu instrumento de interse\u00e7\u00e3o na mat\u00e9ria. Ser aquele que vai dar-lhe condi\u00e7\u00f5es de buscar na mat\u00e9ria a evolu\u00e7\u00e3o de seu esp\u00edrito. Isso s\u00e3o apenas conclus\u00f5es para intelectualiza\u00e7\u00e3o de nossa dualidade.<\/p>\n","protected":false},"excerpt":{"rendered":"<p>07\/07\/2023 A vida do esp\u00edrito pode ser muito bem comparada com a vida de um ser humano. O esp\u00edrito foi criado de uma part\u00edcula do Deus Uno, na maior simplicidade e ignor\u00e2ncia. O ser humano tamb\u00e9m iniciou a exist\u00eancia do corpo da mesma forma, na plena simplicidade e ignor\u00e2ncia. Ambos tiveram que evoluir. O esp\u00edrito [&hellip;]<\/p>\n","protected":false},"author":1,"featured_media":0,"comment_status":"open","ping_status":"open","sticky":false,"template":"","format":"standard","meta":{"_mi_skip_tracking":false},"categories":[35],"tags":[],"_links":{"self":[{"href":"https:\/\/www.miguelfaccio.com.br\/blog\/index.php\/wp-json\/wp\/v2\/posts\/20312"}],"collection":[{"href":"https:\/\/www.miguelfaccio.com.br\/blog\/index.php\/wp-json\/wp\/v2\/posts"}],"about":[{"href":"https:\/\/www.miguelfaccio.com.br\/blog\/index.php\/wp-json\/wp\/v2\/types\/post"}],"author":[{"embeddable":true,"href":"https:\/\/www.miguelfaccio.com.br\/blog\/index.php\/wp-json\/wp\/v2\/users\/1"}],"replies":[{"embeddable":true,"href":"https:\/\/www.miguelfaccio.com.br\/blog\/index.php\/wp-json\/wp\/v2\/comments?post=20312"}],"version-history":[{"count":1,"href":"https:\/\/www.miguelfaccio.com.br\/blog\/index.php\/wp-json\/wp\/v2\/posts\/20312\/revisions"}],"predecessor-version":[{"id":20313,"href":"https:\/\/www.miguelfaccio.com.br\/blog\/index.php\/wp-json\/wp\/v2\/posts\/20312\/revisions\/20313"}],"wp:attachment":[{"href":"https:\/\/www.miguelfaccio.com.br\/blog\/index.php\/wp-json\/wp\/v2\/media?parent=20312"}],"wp:term":[{"taxonomy":"category","embeddable":true,"href":"https:\/\/www.miguelfaccio.com.br\/blog\/index.php\/wp-json\/wp\/v2\/categories?post=20312"},{"taxonomy":"post_tag","embeddable":true,"href":"https:\/\/www.miguelfaccio.com.br\/blog\/index.php\/wp-json\/wp\/v2\/tags?post=20312"}],"curies":[{"name":"wp","href":"https:\/\/api.w.org\/{rel}","templated":true}]}}