{"id":20310,"date":"2025-12-15T09:06:20","date_gmt":"2025-12-15T12:06:20","guid":{"rendered":"https:\/\/www.miguelfaccio.com.br\/blog\/?p=20310"},"modified":"2025-12-15T09:06:22","modified_gmt":"2025-12-15T12:06:22","slug":"rcd4253-raios-ou-chamas","status":"publish","type":"post","link":"https:\/\/www.miguelfaccio.com.br\/blog\/index.php\/rcd4253-raios-ou-chamas\/","title":{"rendered":"RCD4253 Raios ou Chamas"},"content":{"rendered":"\n<p class=\"has-text-align-right\"><strong>KRYON <br>Atrav\u00e9s de Lee Carroll<\/strong><\/p>\n\n\n\n<p>VOC\u00ca EST\u00c1 ESTAGNADO?<\/p>\n\n\n\n<p>Sauda\u00e7\u00f5es, queridos!<\/p>\n\n\n\n<p>Eu Sou Kryon, do Servi\u00e7o Magn\u00e9tico.<\/p>\n\n\n\n<p>Estamos ouvindo os clamores, literalmente, de tantos trabalhadores da luz e almas antigas que dizem: \u201cEstou trilhando meu caminho h\u00e1 d\u00e9cadas, mas de repente me sinto estagnado. Me sinto estagnado! Por qu\u00ea? O que est\u00e1 acontecendo?\u201d<\/p>\n\n\n\n<p>N\u00f3s amamos muito voc\u00eas. Voc\u00eas s\u00e3o muito amados. Vou dar a resposta, queridos, voc\u00eas n\u00e3o est\u00e3o presos, mas a sensa\u00e7\u00e3o de estar preso \u00e9 real.<\/p>\n\n\n\n<p>Gostaria de explicar um pouco mais e essa explica\u00e7\u00e3o \u00e9 a mesma que venho dando h\u00e1 algum tempo para esse tipo de frustra\u00e7\u00e3o e d\u00favida, mas especialmente para aqueles de voc\u00eas que est\u00e3o assistindo (lendo) a isso e se identificam com essa situa\u00e7\u00e3o espec\u00edfica \u2013 essa quest\u00e3o espec\u00edfica de sentir-se estagnado.<\/p>\n\n\n\n<p>Precisamos voltar \u00e0 sua percep\u00e7\u00e3o da sua vida quando voc\u00ea n\u00e3o estava estagnado. E isso seria um per\u00edodo no passado em que as coisas estavam caminhando em uma determinada dire\u00e7\u00e3o, de modo que essa percep\u00e7\u00e3o de estar estagnado n\u00e3o existia.<\/p>\n\n\n\n<p>Na verdade, as coisas estavam indo t\u00e3o bem que voc\u00ea sentia que havia um progresso, digamos assim, no que voc\u00ea estava fazendo, na sua vida, nas coisas que voc\u00ea ensinava, ou talvez nas coisas em que voc\u00ea acreditava, ou simplesmente na vida em si \u2013 um caminho que fazia sentido.<\/p>\n\n\n\n<p>Quero relembrar algo que j\u00e1 discutimos antes: a energia do passado, mesmo que tenha sido h\u00e1 alguns anos, digamos sete, talvez at\u00e9 cinco, era diferente da energia de hoje.<\/p>\n\n\n\n<p>N\u00e3o \u00e9 apenas a energia que \u00e9 diferente. Vamos chamar isso de realidade da vida. N\u00e3o \u00e9 algo esot\u00e9rico. \u00c9 como as coisas funcionavam naquela \u00e9poca, sete, oito anos atr\u00e1s, ou como voc\u00ea estiver comparando com o presente, e a sensa\u00e7\u00e3o de estar estagnado hoje, ou diferente hoje, ou de n\u00e3o estar progredindo como antes.<\/p>\n\n\n\n<p>Esse caminho que diz te frustrar tem sua pr\u00f3pria energia. Voc\u00ea espera certas coisas quando caminha para frente. Espera certos tipos de realidades quando sua vida segue, digamos, do ponto A ao ponto B, ou mesmo quando o tempo passa e voc\u00ea olha para tr\u00e1s, talvez satisfeito por estar fazendo algo, pois h\u00e1 progresso.<\/p>\n\n\n\n<p>E se eu te contasse a verdade sobre isso? Que a realidade, a paisagem por onde voc\u00ea caminha, mudou. \u00c9 uma quest\u00e3o de percep\u00e7\u00e3o, n\u00e3o de estar preso. \u00c9 realmente a percep\u00e7\u00e3o de que voc\u00ea n\u00e3o se sente mais como antes. E voc\u00ea est\u00e1 certo. N\u00e3o se sente mais.<\/p>\n\n\n\n<p>Eu adoraria dizer mais uma vez que voc\u00eas est\u00e3o diante de uma paisagem que come\u00e7a a mudar de dimens\u00e3o, mas isso n\u00e3o convence muitos de voc\u00eas, que perguntam: \u201cBem, o que isso significa? \u00c9 algum tipo de termo gen\u00e9rico para dizer que as coisas est\u00e3o diferentes?\u201d.<\/p>\n\n\n\n<p>continua<\/p>\n","protected":false},"excerpt":{"rendered":"<p>KRYON Atrav\u00e9s de Lee Carroll VOC\u00ca EST\u00c1 ESTAGNADO? Sauda\u00e7\u00f5es, queridos! Eu Sou Kryon, do Servi\u00e7o Magn\u00e9tico. Estamos ouvindo os clamores, literalmente, de tantos trabalhadores da luz e almas antigas que dizem: \u201cEstou trilhando meu caminho h\u00e1 d\u00e9cadas, mas de repente me sinto estagnado. Me sinto estagnado! Por qu\u00ea? O que est\u00e1 acontecendo?\u201d N\u00f3s amamos muito [&hellip;]<\/p>\n","protected":false},"author":1,"featured_media":0,"comment_status":"open","ping_status":"open","sticky":false,"template":"","format":"standard","meta":{"_mi_skip_tracking":false},"categories":[3],"tags":[],"_links":{"self":[{"href":"https:\/\/www.miguelfaccio.com.br\/blog\/index.php\/wp-json\/wp\/v2\/posts\/20310"}],"collection":[{"href":"https:\/\/www.miguelfaccio.com.br\/blog\/index.php\/wp-json\/wp\/v2\/posts"}],"about":[{"href":"https:\/\/www.miguelfaccio.com.br\/blog\/index.php\/wp-json\/wp\/v2\/types\/post"}],"author":[{"embeddable":true,"href":"https:\/\/www.miguelfaccio.com.br\/blog\/index.php\/wp-json\/wp\/v2\/users\/1"}],"replies":[{"embeddable":true,"href":"https:\/\/www.miguelfaccio.com.br\/blog\/index.php\/wp-json\/wp\/v2\/comments?post=20310"}],"version-history":[{"count":1,"href":"https:\/\/www.miguelfaccio.com.br\/blog\/index.php\/wp-json\/wp\/v2\/posts\/20310\/revisions"}],"predecessor-version":[{"id":20311,"href":"https:\/\/www.miguelfaccio.com.br\/blog\/index.php\/wp-json\/wp\/v2\/posts\/20310\/revisions\/20311"}],"wp:attachment":[{"href":"https:\/\/www.miguelfaccio.com.br\/blog\/index.php\/wp-json\/wp\/v2\/media?parent=20310"}],"wp:term":[{"taxonomy":"category","embeddable":true,"href":"https:\/\/www.miguelfaccio.com.br\/blog\/index.php\/wp-json\/wp\/v2\/categories?post=20310"},{"taxonomy":"post_tag","embeddable":true,"href":"https:\/\/www.miguelfaccio.com.br\/blog\/index.php\/wp-json\/wp\/v2\/tags?post=20310"}],"curies":[{"name":"wp","href":"https:\/\/api.w.org\/{rel}","templated":true}]}}