{"id":20308,"date":"2025-12-15T09:03:04","date_gmt":"2025-12-15T12:03:04","guid":{"rendered":"https:\/\/www.miguelfaccio.com.br\/blog\/?p=20308"},"modified":"2025-12-15T09:03:05","modified_gmt":"2025-12-15T12:03:05","slug":"plv4437-livro-29-diario-06-07-2023","status":"publish","type":"post","link":"https:\/\/www.miguelfaccio.com.br\/blog\/index.php\/plv4437-livro-29-diario-06-07-2023\/","title":{"rendered":"PLV4437 \u2013 Livro 29 \u2013 Di\u00e1rio, 06\/07\/2023"},"content":{"rendered":"\n<p class=\"has-text-align-right\"><strong>06\/07\/2023<\/strong><\/p>\n\n\n\n<p>Aquilo que somos \u00e9 porque conquistamos. Talvez n\u00e3o nosso corpo atual, n\u00e3o teria tanto tempo assim para sair da simplicidade e ignor\u00e2ncia de quando fomos criados. Temos que aqui fazer uma ressalva. Estamos usufruindo, como tamb\u00e9m resgatando, aquilo que os corpos anteriores de nosso esp\u00edrito criaram pelos pensamentos, pelas palavras e pelas obras que elevaram espiritualmente o esp\u00edrito ou que o fizeram resgatar, por ter sido energias negativas. Todas as cria\u00e7\u00f5es de todos os corpos que o esp\u00edrito teve se acoplaram \u00e0 sua ess\u00eancia. Agora esse teu corpo est\u00e1 usufruindo toda essa evolu\u00e7\u00e3o que foi agregada, como tamb\u00e9m resgatar as coisas que foram em preju\u00edzo do esp\u00edrito. \u00c9 preciso haver uma intelectualiza\u00e7\u00e3o correta de nossa exist\u00eancia como corpo f\u00edsico. N\u00e3o somos s\u00f3 corpo, somos tamb\u00e9m esp\u00edrito. Somos uma dualidade que se completa e se complementa. Um necessita do outro. O corpo necessita do esp\u00edrito para ser o que \u00e9 sobre a Terra, para poder existir. Quanto mais ele ajudar seu esp\u00edrito, mais ele mesmo evoluir\u00e1, podendo at\u00e9 alcan\u00e7ar o p\u00edncaro das ci\u00eancias dos homens. O esp\u00edrito precisa do corpo como um instrumento para poder experienciar e manipular a mat\u00e9ria. Em s\u00edntese, o corpo \u201csou eu\u201d, o esp\u00edrito tamb\u00e9m \u201csou eu\u201d. Parte do \u201ceu\u201d pode ir para o cemit\u00e9rio, mas a outra parte do \u201ceu\u201d continua pela eternidade, e, logo ali adiante ir\u00e1 conseguir outro corpo, porque seu objetivo \u00e9 a evolu\u00e7\u00e3o espiritual.<\/p>\n","protected":false},"excerpt":{"rendered":"<p>06\/07\/2023 Aquilo que somos \u00e9 porque conquistamos. Talvez n\u00e3o nosso corpo atual, n\u00e3o teria tanto tempo assim para sair da simplicidade e ignor\u00e2ncia de quando fomos criados. Temos que aqui fazer uma ressalva. Estamos usufruindo, como tamb\u00e9m resgatando, aquilo que os corpos anteriores de nosso esp\u00edrito criaram pelos pensamentos, pelas palavras e pelas obras que [&hellip;]<\/p>\n","protected":false},"author":1,"featured_media":0,"comment_status":"open","ping_status":"open","sticky":false,"template":"","format":"standard","meta":{"_mi_skip_tracking":false},"categories":[35],"tags":[],"_links":{"self":[{"href":"https:\/\/www.miguelfaccio.com.br\/blog\/index.php\/wp-json\/wp\/v2\/posts\/20308"}],"collection":[{"href":"https:\/\/www.miguelfaccio.com.br\/blog\/index.php\/wp-json\/wp\/v2\/posts"}],"about":[{"href":"https:\/\/www.miguelfaccio.com.br\/blog\/index.php\/wp-json\/wp\/v2\/types\/post"}],"author":[{"embeddable":true,"href":"https:\/\/www.miguelfaccio.com.br\/blog\/index.php\/wp-json\/wp\/v2\/users\/1"}],"replies":[{"embeddable":true,"href":"https:\/\/www.miguelfaccio.com.br\/blog\/index.php\/wp-json\/wp\/v2\/comments?post=20308"}],"version-history":[{"count":1,"href":"https:\/\/www.miguelfaccio.com.br\/blog\/index.php\/wp-json\/wp\/v2\/posts\/20308\/revisions"}],"predecessor-version":[{"id":20309,"href":"https:\/\/www.miguelfaccio.com.br\/blog\/index.php\/wp-json\/wp\/v2\/posts\/20308\/revisions\/20309"}],"wp:attachment":[{"href":"https:\/\/www.miguelfaccio.com.br\/blog\/index.php\/wp-json\/wp\/v2\/media?parent=20308"}],"wp:term":[{"taxonomy":"category","embeddable":true,"href":"https:\/\/www.miguelfaccio.com.br\/blog\/index.php\/wp-json\/wp\/v2\/categories?post=20308"},{"taxonomy":"post_tag","embeddable":true,"href":"https:\/\/www.miguelfaccio.com.br\/blog\/index.php\/wp-json\/wp\/v2\/tags?post=20308"}],"curies":[{"name":"wp","href":"https:\/\/api.w.org\/{rel}","templated":true}]}}