{"id":20305,"date":"2025-12-14T09:04:50","date_gmt":"2025-12-14T12:04:50","guid":{"rendered":"https:\/\/www.miguelfaccio.com.br\/blog\/?p=20305"},"modified":"2025-12-14T09:04:52","modified_gmt":"2025-12-14T12:04:52","slug":"rcd4252-raios-ou-chamas","status":"publish","type":"post","link":"https:\/\/www.miguelfaccio.com.br\/blog\/index.php\/rcd4252-raios-ou-chamas\/","title":{"rendered":"RCD4252 Raios ou Chamas"},"content":{"rendered":"\n<p class=\"has-text-align-right\"><strong>Saint Germain <br>Atrav\u00e9s de Daniel Scranton<\/strong><\/p>\n\n\n\n<p>AGENTES DA MUDAN\u00c7A: ESTA MENSAGEM \u00c9 PARA VOC\u00caS<\/p>\n\n\n\n<p>Eu Sou Saint Germain, Guardi\u00e3o da Chama Violeta.<\/p>\n\n\n\n<p>Todos voc\u00eas est\u00e3o trabalhando em prol de algo grandioso, algo que envolve todos os oito bilh\u00f5es de seres humanos. E isso \u00e9 um empreendimento e tanto, uma tarefa gigantesca.<\/p>\n\n\n\n<p>Todos voc\u00eas vieram a esta vida sabendo que algo grandioso iria acontecer, e tamb\u00e9m sabiam que queriam fazer parte disso.<\/p>\n\n\n\n<p>Sabiam que o momento era perfeito para uma eleva\u00e7\u00e3o da consci\u00eancia da humanidade e queriam vivenciar isso em primeira m\u00e3o, visceralmente e no plano f\u00edsico. \u00c9 por isso que se disponibilizaram como os recept\u00e1culos que s\u00e3o para energias de frequ\u00eancia mais elevada.<\/p>\n\n\n\n<p>Muitos de voc\u00eas dizem que n\u00e3o sabem o que devem fazer consigo mesmos e com suas vidas. Voc\u00eas receber\u00e3o inspira\u00e7\u00e3o sobre o que fazer a seguir depois de se sentarem, abrirem seu chakra coron\u00e1rio e pedirem que as energias mais necess\u00e1rias para a humanidade fluam para voc\u00eas e atrav\u00e9s de voc\u00eas.<\/p>\n\n\n\n<p>Sejam as \u00e2ncoras dessa energia de frequ\u00eancia mais elevada que voc\u00eas foram criados para ser, que voc\u00eas nasceram para ser e que voc\u00eas se destinaram a ser. Lembrem-se de que este \u00e9 um grande empreendimento e requer muita energia, muitas ideias e, \u00e0s vezes, a\u00e7\u00f5es.<\/p>\n\n\n\n<p>Voc\u00ea tomar\u00e1 as a\u00e7\u00f5es necess\u00e1rias quando se sentir inspirado(a) a faz\u00ea-las. N\u00e3o se preocupe em n\u00e3o saber neste momento quais s\u00e3o essas a\u00e7\u00f5es. N\u00e3o se preocupe em n\u00e3o saber qual \u00e9 o prop\u00f3sito da sua vida, pois esta vida \u00e9 muito mais longa do que muitas das vidas anteriores que voc\u00ea teve na Terra.<\/p>\n\n\n\n<p>Permita-se adentrar o desconhecido como os recept\u00e1culos de energia de alta frequ\u00eancia que voc\u00ea \u00e9, e as ideias inspiradoras surgir\u00e3o. Elas vir\u00e3o no momento apropriado para que voc\u00ea possa agir de acordo com elas.<\/p>\n\n\n\n<p>Quando voc\u00ea n\u00e3o souber o que fazer, ou como promover as mudan\u00e7as que deseja ver na Terra, lembre-se de que sempre tem a op\u00e7\u00e3o de simplesmente apreciar a realidade f\u00edsica como ela \u00e9 agora.<\/p>\n\n\n\n<p>Mesmo que muitas mudan\u00e7as aconte\u00e7am, e que essas mudan\u00e7as sejam para melhor, voc\u00ea ainda tem uma realidade repleta de coisas para descobrir, desfrutar, apreciar e participar. Voc\u00ea nunca precisa ficar esperando que naves espaciais cheguem ou que os sistemas existentes entrem em colapso.<\/p>\n\n\n\n<p>Voc\u00ea pode desfrutar da sua realidade f\u00edsica na Terra agora mesmo e saber que a sua alegria tamb\u00e9m \u00e9 produtiva. Ela te coloca em um estado vibracional mais elevado. Ela te torna mais aberto e consciente daquilo que est\u00e1 dispon\u00edvel para voc\u00ea receber.<\/p>\n\n\n\n<p>Voc\u00ea inspira os outros com o seu estado de alegria e com as suas a\u00e7\u00f5es alegres. Voc\u00ea ajuda os outros simplesmente por buscar a sua alegria. Entre nesse espa\u00e7o de receptividade, do Divino Feminino, para que voc\u00ea possa receber as energias que te inspirar\u00e3o a agir com alegria ou simplesmente a estar em um estado de gratid\u00e3o.<\/p>\n\n\n\n<p>Voc\u00ea tamb\u00e9m pode receber energias de alta frequ\u00eancia simplesmente por receber energias de alta frequ\u00eancia, sem precisar se preocupar com as consequ\u00eancias. A experi\u00eancia em si \u00e9 revigorante, energizante e te coloca em um estado de \u00eaxtase.<\/p>\n\n\n\n<p>E n\u00e3o \u00e9 isso que voc\u00ea deseja? N\u00e3o \u00e9 por isso que voc\u00ea busca o que busca na vida, para alcan\u00e7ar um estado de bem-estar que lhe traga alegria e satisfa\u00e7\u00e3o?<\/p>\n\n\n\n<p>Permita-se vivenciar isso agora e n\u00e3o espere que as mudan\u00e7as aconte\u00e7am externamente. Voc\u00ea \u00e9 a mudan\u00e7a, voc\u00ea \u00e9 o agente da mudan\u00e7a, e cada respira\u00e7\u00e3o que voc\u00ea d\u00e1 na Terra \u00e9 um servi\u00e7o e est\u00e1 transformando tudo.<\/p>\n\n\n\n<p>~ Eu Sou Saint Germain, Guardi\u00e3o da Chama Violeta<\/p>\n\n\n\n<p>Formata\u00e7\u00e3o e tradu\u00e7\u00e3o \u2013 Blog De Cora\u00e7\u00e3o a Cora\u00e7\u00e3o<\/p>\n\n\n\n<figure class=\"wp-block-embed\"><div class=\"wp-block-embed__wrapper\">\nhttp:\/\/www.decoracaoacoracao.blog.br\/\n<\/div><\/figure>\n\n\n\n<figure class=\"wp-block-embed\"><div class=\"wp-block-embed__wrapper\">\nhttp:\/\/stelalecocq.blogspot.com\n<\/div><\/figure>\n\n\n\n<figure class=\"wp-block-embed\"><div class=\"wp-block-embed__wrapper\">\nhttps:\/\/lecocq.wordpress.com\n<\/div><\/figure>\n\n\n\n<p>Instagram \u2013 @blogdecoracaoacoracao<\/p>\n\n\n\n<p>Informa\u00e7\u00f5es e Agendamentos para Mesa Qu\u00e2ntica Estelar, Mesa Pet, Mesa Qu\u00e2ntica 2.0, Florais de Bach, Sistema Regenerador Ashtariano, Sistema Arcturiano de Cura Multidimensional \u2013 lecocqmuller@gmail.com<\/p>\n\n\n\n<p>E-book \u201cMensagens dos Mestres \u2013 De Cora\u00e7\u00e3o a Cora\u00e7\u00e3o\u201d \u2013 https:\/\/mensagensdosmestres.blogspot.com\/<\/p>\n\n\n\n<figure class=\"wp-block-embed\"><div class=\"wp-block-embed__wrapper\">\nhttps:\/\/danielscranton.com\/\n<\/div><\/figure>\n\n\n\n<p>Respeite todos os cr\u00e9ditos ao compartilhar<\/p>\n\n\n\n<p>LUZ!<\/p>\n\n\n\n<p>STELA<\/p>\n","protected":false},"excerpt":{"rendered":"<p>Saint Germain Atrav\u00e9s de Daniel Scranton AGENTES DA MUDAN\u00c7A: ESTA MENSAGEM \u00c9 PARA VOC\u00caS Eu Sou Saint Germain, Guardi\u00e3o da Chama Violeta. Todos voc\u00eas est\u00e3o trabalhando em prol de algo grandioso, algo que envolve todos os oito bilh\u00f5es de seres humanos. E isso \u00e9 um empreendimento e tanto, uma tarefa gigantesca. Todos voc\u00eas vieram a [&hellip;]<\/p>\n","protected":false},"author":1,"featured_media":0,"comment_status":"open","ping_status":"open","sticky":false,"template":"","format":"standard","meta":{"_mi_skip_tracking":false},"categories":[3],"tags":[],"_links":{"self":[{"href":"https:\/\/www.miguelfaccio.com.br\/blog\/index.php\/wp-json\/wp\/v2\/posts\/20305"}],"collection":[{"href":"https:\/\/www.miguelfaccio.com.br\/blog\/index.php\/wp-json\/wp\/v2\/posts"}],"about":[{"href":"https:\/\/www.miguelfaccio.com.br\/blog\/index.php\/wp-json\/wp\/v2\/types\/post"}],"author":[{"embeddable":true,"href":"https:\/\/www.miguelfaccio.com.br\/blog\/index.php\/wp-json\/wp\/v2\/users\/1"}],"replies":[{"embeddable":true,"href":"https:\/\/www.miguelfaccio.com.br\/blog\/index.php\/wp-json\/wp\/v2\/comments?post=20305"}],"version-history":[{"count":1,"href":"https:\/\/www.miguelfaccio.com.br\/blog\/index.php\/wp-json\/wp\/v2\/posts\/20305\/revisions"}],"predecessor-version":[{"id":20306,"href":"https:\/\/www.miguelfaccio.com.br\/blog\/index.php\/wp-json\/wp\/v2\/posts\/20305\/revisions\/20306"}],"wp:attachment":[{"href":"https:\/\/www.miguelfaccio.com.br\/blog\/index.php\/wp-json\/wp\/v2\/media?parent=20305"}],"wp:term":[{"taxonomy":"category","embeddable":true,"href":"https:\/\/www.miguelfaccio.com.br\/blog\/index.php\/wp-json\/wp\/v2\/categories?post=20305"},{"taxonomy":"post_tag","embeddable":true,"href":"https:\/\/www.miguelfaccio.com.br\/blog\/index.php\/wp-json\/wp\/v2\/tags?post=20305"}],"curies":[{"name":"wp","href":"https:\/\/api.w.org\/{rel}","templated":true}]}}