{"id":20303,"date":"2025-12-14T09:03:13","date_gmt":"2025-12-14T12:03:13","guid":{"rendered":"https:\/\/www.miguelfaccio.com.br\/blog\/?p=20303"},"modified":"2025-12-14T09:03:15","modified_gmt":"2025-12-14T12:03:15","slug":"plv4436-livro-29-diario-05-07-2023","status":"publish","type":"post","link":"https:\/\/www.miguelfaccio.com.br\/blog\/index.php\/plv4436-livro-29-diario-05-07-2023\/","title":{"rendered":"PLV4436 \u2013 Livro 29 \u2013 Di\u00e1rio, 05\/07\/2023"},"content":{"rendered":"\n<p class=\"has-text-align-right\"><strong>05\/07\/2023<\/strong><\/p>\n\n\n\n<p>A ci\u00eancia dos homens n\u00e3o sabe, as religi\u00f5es, normalmente, tamb\u00e9m n\u00e3o sabem. H\u00e1 uma grande realidade, neste planeta, que foge \u00e0 percep\u00e7\u00e3o da maioria dos seus habitantes. Falo da vida, esse per\u00edodo em que o esp\u00edrito est\u00e1 ligado com o corpo. Todo mundo diz que Deus \u00e9 bom e justo, n\u00e3o faz injusti\u00e7a a ningu\u00e9m. Poucos se debru\u00e7am sobre as condi\u00e7\u00f5es, especialmente f\u00edsicas, de seu corpo. Ningu\u00e9m procura saber a causa de tantas doen\u00e7as, inclusive trazidas ao nascer e outras que surgem no decorrer da vida. Ser\u00e1 que Deus estava esquiando nos Alpes Su\u00ed\u00e7os, quando esse corpo foi gerado? Ou, qui\u00e7\u00e1, dirigiu-se pela cor de seus olhos? N\u00e3o, n\u00e3o e n\u00e3o. Deus \u00e9 um Pai justo, n\u00e3o permitiria que ningu\u00e9m fosse castigado sem o merecer. Talvez, castigo seja um nome muito forte, o melhor seria \u2018ressarcir\u2019 uma d\u00edvida que n\u00e3o tem. O pr\u00f3prio Cristo j\u00e1 deu a resposta, d\u00e1 o veredicto de todo o sofrimento porque passa uma pessoa. Ele diz: \u201cA semeadura \u00e9 livre, mas a colheita \u00e9 obrigat\u00f3ria\u201d. A \u00fanica explica\u00e7\u00e3o plaus\u00edvel \u00e9 que plantamos tudo aquilo que estamos colhendo agora. N\u00e3o esque\u00e7a de que \u00e9s uma dualidade, um corpo e um esp\u00edrito. O corpo \u00e9 um instrumento do esp\u00edrito para que possa agir e interagir na mat\u00e9ria. O corpo tem um tempo limitado de vida, mas o esp\u00edrito tem a vida eterna. O corpo precisa ser o ve\u00edculo pelo qual o esp\u00edrito se limpa das energias negativas que os corpos anteriores lan\u00e7aram sobre o esp\u00edrito. O pr\u00f3ximo corpo de teu esp\u00edrito ter\u00e1 que ressarcir teus malfeitos.<\/p>\n","protected":false},"excerpt":{"rendered":"<p>05\/07\/2023 A ci\u00eancia dos homens n\u00e3o sabe, as religi\u00f5es, normalmente, tamb\u00e9m n\u00e3o sabem. H\u00e1 uma grande realidade, neste planeta, que foge \u00e0 percep\u00e7\u00e3o da maioria dos seus habitantes. Falo da vida, esse per\u00edodo em que o esp\u00edrito est\u00e1 ligado com o corpo. Todo mundo diz que Deus \u00e9 bom e justo, n\u00e3o faz injusti\u00e7a a [&hellip;]<\/p>\n","protected":false},"author":1,"featured_media":0,"comment_status":"open","ping_status":"open","sticky":false,"template":"","format":"standard","meta":{"_mi_skip_tracking":false},"categories":[35],"tags":[],"_links":{"self":[{"href":"https:\/\/www.miguelfaccio.com.br\/blog\/index.php\/wp-json\/wp\/v2\/posts\/20303"}],"collection":[{"href":"https:\/\/www.miguelfaccio.com.br\/blog\/index.php\/wp-json\/wp\/v2\/posts"}],"about":[{"href":"https:\/\/www.miguelfaccio.com.br\/blog\/index.php\/wp-json\/wp\/v2\/types\/post"}],"author":[{"embeddable":true,"href":"https:\/\/www.miguelfaccio.com.br\/blog\/index.php\/wp-json\/wp\/v2\/users\/1"}],"replies":[{"embeddable":true,"href":"https:\/\/www.miguelfaccio.com.br\/blog\/index.php\/wp-json\/wp\/v2\/comments?post=20303"}],"version-history":[{"count":1,"href":"https:\/\/www.miguelfaccio.com.br\/blog\/index.php\/wp-json\/wp\/v2\/posts\/20303\/revisions"}],"predecessor-version":[{"id":20304,"href":"https:\/\/www.miguelfaccio.com.br\/blog\/index.php\/wp-json\/wp\/v2\/posts\/20303\/revisions\/20304"}],"wp:attachment":[{"href":"https:\/\/www.miguelfaccio.com.br\/blog\/index.php\/wp-json\/wp\/v2\/media?parent=20303"}],"wp:term":[{"taxonomy":"category","embeddable":true,"href":"https:\/\/www.miguelfaccio.com.br\/blog\/index.php\/wp-json\/wp\/v2\/categories?post=20303"},{"taxonomy":"post_tag","embeddable":true,"href":"https:\/\/www.miguelfaccio.com.br\/blog\/index.php\/wp-json\/wp\/v2\/tags?post=20303"}],"curies":[{"name":"wp","href":"https:\/\/api.w.org\/{rel}","templated":true}]}}