{"id":20299,"date":"2025-12-13T09:19:26","date_gmt":"2025-12-13T12:19:26","guid":{"rendered":"https:\/\/www.miguelfaccio.com.br\/blog\/?p=20299"},"modified":"2025-12-13T09:19:27","modified_gmt":"2025-12-13T12:19:27","slug":"plv4435-livro-29-diario-04-07-2023","status":"publish","type":"post","link":"https:\/\/www.miguelfaccio.com.br\/blog\/index.php\/plv4435-livro-29-diario-04-07-2023\/","title":{"rendered":"PLV4435 \u2013 Livro 29 \u2013 Di\u00e1rio, 04\/07\/2023"},"content":{"rendered":"\n<p class=\"has-text-align-right\"><strong>04\/07\/2023<\/strong><\/p>\n\n\n\n<p>O ser humano terr\u00e1queo ainda n\u00e3o se acostumou, n\u00e3o entendeu ou at\u00e9 n\u00e3o se preocupou em saber quem \u00e9. \u00c9 um ser que vem a tanto tempo, seu corpo, sendo dirigido por um fantasma. Surge aqui na Terra, vive por um tempo muito curto e quer dominar tudo o que surge a sua frente. Est\u00e1 certo, seu corpo \u00e9 dirigido por uma energia, mas ele n\u00e3o sabe disso. Forma com essa energia uma dualidade, mas tamb\u00e9m n\u00e3o sabe. A \u00fanica coisa que sabe mesmo \u00e9 seguir ideias insanas de sua mente e exige que os outros lhe sigam os passos, porque se julga no direito de vida e morte sobre os outros, pois considera-se a supremacia sobre a Terra. \u00c9 isso que acontece quando a ignor\u00e2ncia se eleva mais que o conhecimento. Quando orgulho, a vaidade, sobe mais alto que os cabelos. Sup\u00f5e-se superior at\u00e9 o momento em que a morte o encontrar, ent\u00e3o saber\u00e1 exatamente quem foi. Dali n\u00e3o pode retirar nem p\u00f4r nada, ser\u00e1 exatamente quem \u00e9. Ver\u00e1 e encontrar\u00e1 a vida que seu corpo f\u00edsico atirou ao vento, jogou no lixo, queimou sua exist\u00eancia, deste corpo, como se queima um monturo de palha. Para o companheiro desse corpo rebelde, seu esp\u00edrito, quase, pode-se dizer, foi um tempo perdido, salvo apenas por pequenas atividades que lhe foi permitido aproveitar, mas, \u00e0 rev\u00e9s de tudo, talvez tenha voltado \u00e0 vida ap\u00f3s a vida mais carregado de energias negativas do que quando desceu \u00e0 Terra para dar vida a aquele corpo.<\/p>\n","protected":false},"excerpt":{"rendered":"<p>04\/07\/2023 O ser humano terr\u00e1queo ainda n\u00e3o se acostumou, n\u00e3o entendeu ou at\u00e9 n\u00e3o se preocupou em saber quem \u00e9. \u00c9 um ser que vem a tanto tempo, seu corpo, sendo dirigido por um fantasma. Surge aqui na Terra, vive por um tempo muito curto e quer dominar tudo o que surge a sua frente. [&hellip;]<\/p>\n","protected":false},"author":1,"featured_media":0,"comment_status":"open","ping_status":"open","sticky":false,"template":"","format":"standard","meta":{"_mi_skip_tracking":false},"categories":[35],"tags":[],"_links":{"self":[{"href":"https:\/\/www.miguelfaccio.com.br\/blog\/index.php\/wp-json\/wp\/v2\/posts\/20299"}],"collection":[{"href":"https:\/\/www.miguelfaccio.com.br\/blog\/index.php\/wp-json\/wp\/v2\/posts"}],"about":[{"href":"https:\/\/www.miguelfaccio.com.br\/blog\/index.php\/wp-json\/wp\/v2\/types\/post"}],"author":[{"embeddable":true,"href":"https:\/\/www.miguelfaccio.com.br\/blog\/index.php\/wp-json\/wp\/v2\/users\/1"}],"replies":[{"embeddable":true,"href":"https:\/\/www.miguelfaccio.com.br\/blog\/index.php\/wp-json\/wp\/v2\/comments?post=20299"}],"version-history":[{"count":1,"href":"https:\/\/www.miguelfaccio.com.br\/blog\/index.php\/wp-json\/wp\/v2\/posts\/20299\/revisions"}],"predecessor-version":[{"id":20300,"href":"https:\/\/www.miguelfaccio.com.br\/blog\/index.php\/wp-json\/wp\/v2\/posts\/20299\/revisions\/20300"}],"wp:attachment":[{"href":"https:\/\/www.miguelfaccio.com.br\/blog\/index.php\/wp-json\/wp\/v2\/media?parent=20299"}],"wp:term":[{"taxonomy":"category","embeddable":true,"href":"https:\/\/www.miguelfaccio.com.br\/blog\/index.php\/wp-json\/wp\/v2\/categories?post=20299"},{"taxonomy":"post_tag","embeddable":true,"href":"https:\/\/www.miguelfaccio.com.br\/blog\/index.php\/wp-json\/wp\/v2\/tags?post=20299"}],"curies":[{"name":"wp","href":"https:\/\/api.w.org\/{rel}","templated":true}]}}