{"id":20295,"date":"2025-12-12T09:11:10","date_gmt":"2025-12-12T12:11:10","guid":{"rendered":"https:\/\/www.miguelfaccio.com.br\/blog\/?p=20295"},"modified":"2025-12-12T09:11:12","modified_gmt":"2025-12-12T12:11:12","slug":"plv4434-livro-29-diario-03-07-2023","status":"publish","type":"post","link":"https:\/\/www.miguelfaccio.com.br\/blog\/index.php\/plv4434-livro-29-diario-03-07-2023\/","title":{"rendered":"PLV4434 \u2013 Livro 29 \u2013 Di\u00e1rio, 03\/07\/2023"},"content":{"rendered":"\n<p class=\"has-text-align-right\"><strong>03\/07\/2023<\/strong><\/p>\n\n\n\n<p>O esp\u00edrito, sopra de onde quer, ouve-se a sua voz, mas n\u00e3o se sabe de onde vem nem para onde vai, palavras do Cristo. Esta \u00e9 por hora a situa\u00e7\u00e3o da Terra, um local de provas e expia\u00e7\u00f5es, onde para alguns pode ser at\u00e9 imposta, como disse Jesus: \u201cPela dureza de vossos cora\u00e7\u00f5es\u201d. A situa\u00e7\u00e3o da grande maioria dos terr\u00e1queos continua a mesma. Tem algum conhecimento sobre o seu corpo, mas no tocante ao seu esp\u00edrito, s\u00e3o t\u00e3o analfabetos quanto quando saiu do ventre de sua m\u00e3e. Ignoram totalmente a situa\u00e7\u00e3o de seus esp\u00edritos. Ignoram a liga\u00e7\u00e3o que tem com esse ser que desconhecem. Ignora que \u00e9 um conjunto formado entre o corpo e o esp\u00edrito. Essa dualidade \u00e9 t\u00e3o patente que somente a morte poder\u00e1 separar. N\u00e3o adianta o querer de um ou de outro, e se caso for\u00e7ar essa separa\u00e7\u00e3o, a cobran\u00e7a da Lei ser\u00e1 t\u00e3o grande que jamais se aventurar\u00e1 por esse caminho ins\u00f3lito. Na cita\u00e7\u00e3o acima, diz Jesus que ouve-se a sua voz. A voz pode ser ouvida ou emitida de duas maneiras. Atrav\u00e9s das cordas vocais e em forma de som e recebida pelo ouvido. Sem um destes dois fatores n\u00e3o se ouve. H\u00e1 um outro fator e talvez de somais import\u00e2ncia que \u00e9 o pensamento. O pensamento poder\u00e1 ser emitido ou ouvido por quem estiver morto. Esta \u00e9 a l\u00edngua falada pelos que vivem na vida ap\u00f3s a vida. A \u00fanica coisa que precisa \u00e9 afinar o pensamento e dar-lhe condi\u00e7\u00f5es de ser entendido pelo consciente humano. Quando se consegue isso, se est\u00e1 no pleno caminho evolutivo.<\/p>\n","protected":false},"excerpt":{"rendered":"<p>03\/07\/2023 O esp\u00edrito, sopra de onde quer, ouve-se a sua voz, mas n\u00e3o se sabe de onde vem nem para onde vai, palavras do Cristo. Esta \u00e9 por hora a situa\u00e7\u00e3o da Terra, um local de provas e expia\u00e7\u00f5es, onde para alguns pode ser at\u00e9 imposta, como disse Jesus: \u201cPela dureza de vossos cora\u00e7\u00f5es\u201d. A [&hellip;]<\/p>\n","protected":false},"author":1,"featured_media":0,"comment_status":"open","ping_status":"open","sticky":false,"template":"","format":"standard","meta":{"_mi_skip_tracking":false},"categories":[35],"tags":[],"_links":{"self":[{"href":"https:\/\/www.miguelfaccio.com.br\/blog\/index.php\/wp-json\/wp\/v2\/posts\/20295"}],"collection":[{"href":"https:\/\/www.miguelfaccio.com.br\/blog\/index.php\/wp-json\/wp\/v2\/posts"}],"about":[{"href":"https:\/\/www.miguelfaccio.com.br\/blog\/index.php\/wp-json\/wp\/v2\/types\/post"}],"author":[{"embeddable":true,"href":"https:\/\/www.miguelfaccio.com.br\/blog\/index.php\/wp-json\/wp\/v2\/users\/1"}],"replies":[{"embeddable":true,"href":"https:\/\/www.miguelfaccio.com.br\/blog\/index.php\/wp-json\/wp\/v2\/comments?post=20295"}],"version-history":[{"count":1,"href":"https:\/\/www.miguelfaccio.com.br\/blog\/index.php\/wp-json\/wp\/v2\/posts\/20295\/revisions"}],"predecessor-version":[{"id":20296,"href":"https:\/\/www.miguelfaccio.com.br\/blog\/index.php\/wp-json\/wp\/v2\/posts\/20295\/revisions\/20296"}],"wp:attachment":[{"href":"https:\/\/www.miguelfaccio.com.br\/blog\/index.php\/wp-json\/wp\/v2\/media?parent=20295"}],"wp:term":[{"taxonomy":"category","embeddable":true,"href":"https:\/\/www.miguelfaccio.com.br\/blog\/index.php\/wp-json\/wp\/v2\/categories?post=20295"},{"taxonomy":"post_tag","embeddable":true,"href":"https:\/\/www.miguelfaccio.com.br\/blog\/index.php\/wp-json\/wp\/v2\/tags?post=20295"}],"curies":[{"name":"wp","href":"https:\/\/api.w.org\/{rel}","templated":true}]}}