{"id":20290,"date":"2025-12-11T09:23:16","date_gmt":"2025-12-11T12:23:16","guid":{"rendered":"https:\/\/www.miguelfaccio.com.br\/blog\/?p=20290"},"modified":"2025-12-11T09:23:18","modified_gmt":"2025-12-11T12:23:18","slug":"plv4433-livro-29-diario-02-07-2023","status":"publish","type":"post","link":"https:\/\/www.miguelfaccio.com.br\/blog\/index.php\/plv4433-livro-29-diario-02-07-2023\/","title":{"rendered":"PLV4433 \u2013 Livro 29 \u2013 Di\u00e1rio, 02\/07\/2023"},"content":{"rendered":"\n<p class=\"has-text-align-right\"><strong>02\/07\/2023<\/strong><\/p>\n\n\n\n<p>O Esp\u00edrito de Verdade \u00e9 a mesma ess\u00eancia de Deus. Ainda n\u00e3o conseguimos absorver o entendimento da ess\u00eancia Divina. N\u00e3o s\u00e3o partes distintas que se apresentam, porque tudo \u00e9 um s\u00f3. Incluindo neste tudo at\u00e9 os seres que formam o universo. Precisamos ainda dividir, separar, classificar, para podermos entender minimamente as diversas, digamos assim, parcelas da Divindade. Precisamos fazer um esfor\u00e7o para unirmos todos, o que criou e as criaturas, porque \u00e9 a grande verdade. T\u00e3o grande que os seres criados um pouco mais evolu\u00eddos j\u00e1 tem a compreens\u00e3o, o entendimento e a aplica\u00e7\u00e3o do Somos Todos Um. Fazemos parte de uma multiplicidade una. Onde cada parte dessa multiplicidade precisa gestionar-se para conseguir evoluir. Evoluindo consegue ascender para energias mais altas, mais depuradas e que v\u00e3o, por assim dizer, auxili\u00e1-lo a limpar o seu caminho, facilitar a experiencia\u00e7\u00e3o do conhecimento e n\u00e3o ter\u00e1 tantos empecilhos criados por ele pr\u00f3prio a impedir-lhe a caminhada. Continuar\u00e1 a evolu\u00e7\u00e3o constante, porque est\u00e1 dentro de seu DNA, mas n\u00e3o ser\u00e1 t\u00e3o contundente como fora no per\u00edodo da 3D, que era regida pelo criar e ressarcir. Seu pensamento criava tanta pedra e espinhos, at\u00e9 o momento em que se dava conta de que eram todas suas cria\u00e7\u00f5es, a\u00ed, come\u00e7ava a mudar. Como se diz por aqui, \u201ca dor ensina a gemer\u201d.<\/p>\n","protected":false},"excerpt":{"rendered":"<p>02\/07\/2023 O Esp\u00edrito de Verdade \u00e9 a mesma ess\u00eancia de Deus. Ainda n\u00e3o conseguimos absorver o entendimento da ess\u00eancia Divina. N\u00e3o s\u00e3o partes distintas que se apresentam, porque tudo \u00e9 um s\u00f3. Incluindo neste tudo at\u00e9 os seres que formam o universo. Precisamos ainda dividir, separar, classificar, para podermos entender minimamente as diversas, digamos assim, [&hellip;]<\/p>\n","protected":false},"author":1,"featured_media":0,"comment_status":"open","ping_status":"open","sticky":false,"template":"","format":"standard","meta":{"_mi_skip_tracking":false},"categories":[35],"tags":[],"_links":{"self":[{"href":"https:\/\/www.miguelfaccio.com.br\/blog\/index.php\/wp-json\/wp\/v2\/posts\/20290"}],"collection":[{"href":"https:\/\/www.miguelfaccio.com.br\/blog\/index.php\/wp-json\/wp\/v2\/posts"}],"about":[{"href":"https:\/\/www.miguelfaccio.com.br\/blog\/index.php\/wp-json\/wp\/v2\/types\/post"}],"author":[{"embeddable":true,"href":"https:\/\/www.miguelfaccio.com.br\/blog\/index.php\/wp-json\/wp\/v2\/users\/1"}],"replies":[{"embeddable":true,"href":"https:\/\/www.miguelfaccio.com.br\/blog\/index.php\/wp-json\/wp\/v2\/comments?post=20290"}],"version-history":[{"count":1,"href":"https:\/\/www.miguelfaccio.com.br\/blog\/index.php\/wp-json\/wp\/v2\/posts\/20290\/revisions"}],"predecessor-version":[{"id":20291,"href":"https:\/\/www.miguelfaccio.com.br\/blog\/index.php\/wp-json\/wp\/v2\/posts\/20290\/revisions\/20291"}],"wp:attachment":[{"href":"https:\/\/www.miguelfaccio.com.br\/blog\/index.php\/wp-json\/wp\/v2\/media?parent=20290"}],"wp:term":[{"taxonomy":"category","embeddable":true,"href":"https:\/\/www.miguelfaccio.com.br\/blog\/index.php\/wp-json\/wp\/v2\/categories?post=20290"},{"taxonomy":"post_tag","embeddable":true,"href":"https:\/\/www.miguelfaccio.com.br\/blog\/index.php\/wp-json\/wp\/v2\/tags?post=20290"}],"curies":[{"name":"wp","href":"https:\/\/api.w.org\/{rel}","templated":true}]}}