{"id":20285,"date":"2025-12-10T09:56:32","date_gmt":"2025-12-10T12:56:32","guid":{"rendered":"https:\/\/www.miguelfaccio.com.br\/blog\/?p=20285"},"modified":"2025-12-10T09:56:34","modified_gmt":"2025-12-10T12:56:34","slug":"plv4432-livro-29-diario-01-07-2023","status":"publish","type":"post","link":"https:\/\/www.miguelfaccio.com.br\/blog\/index.php\/plv4432-livro-29-diario-01-07-2023\/","title":{"rendered":"PLV4432 \u2013 Livro 29 \u2013 Di\u00e1rio, 01\/07\/2023"},"content":{"rendered":"\n<p>01\/07\/2023<\/p>\n\n\n\n<p>Estamos iniciando mais um ciclo mensal. Pedimos aos c\u00e9us que este seja um pouco menos conturbado do que os ciclos que o precederam. Estamos, como pa\u00eds, sobrando em \u00e1guas profundas da insanidade humana. A sociedade, especialmente a pol\u00edtica est\u00e1 a cortar qualquer broto de sanidade, que tente crescer e produzir suas flores, gerando assim frutos para a popula\u00e7\u00e3o do pa\u00eds, que sedenta de equil\u00edbrio, mas \u00e9 jogada para todos os lados como plumas ao vento. Isso em consequ\u00eancia da derrocada social, especialmente de pol\u00edticos e poderes que se infiltram em outros e, lentamente v\u00e3o destruindo a harmonia e a compet\u00eancia de cada poder no escopo de uma sociedade s\u00e3 e ordeira. Isso nos est\u00e1 levando \u00e0 bancarrota como sociedade civilizada e nos empurra de todas as formas, nas m\u00e3os dos comunistas, aqueles que, cujos bens materiais valem mais do que o pr\u00f3prio homem. Insanos, hoje vociferam a todos os cantos os l\u00edderes comunistas que mandam no pa\u00eds, mas amanh\u00e3 poder\u00e1 ser a sua vez, quando n\u00e3o representares mais lucros a eles. O pa\u00eds que nasceu sob a \u00e9gide da Santa Cruz, hoje se v\u00ea quase totalmente dominado pelas sombras, que representam o retrocesso, especialmente moral, de um pa\u00eds. Pedimos aos c\u00e9us que nos socorram. Num ditado popular dir-se-ia, \u201cestamos no mato sem cachorro\u201d. Somente os homens de bem est\u00e3o apavorados, sufocados, por esses que se dizem salvadores da P\u00e1tria.<\/p>\n","protected":false},"excerpt":{"rendered":"<p>01\/07\/2023 Estamos iniciando mais um ciclo mensal. Pedimos aos c\u00e9us que este seja um pouco menos conturbado do que os ciclos que o precederam. Estamos, como pa\u00eds, sobrando em \u00e1guas profundas da insanidade humana. A sociedade, especialmente a pol\u00edtica est\u00e1 a cortar qualquer broto de sanidade, que tente crescer e produzir suas flores, gerando assim [&hellip;]<\/p>\n","protected":false},"author":1,"featured_media":0,"comment_status":"open","ping_status":"open","sticky":false,"template":"","format":"standard","meta":{"_mi_skip_tracking":false},"categories":[35],"tags":[],"_links":{"self":[{"href":"https:\/\/www.miguelfaccio.com.br\/blog\/index.php\/wp-json\/wp\/v2\/posts\/20285"}],"collection":[{"href":"https:\/\/www.miguelfaccio.com.br\/blog\/index.php\/wp-json\/wp\/v2\/posts"}],"about":[{"href":"https:\/\/www.miguelfaccio.com.br\/blog\/index.php\/wp-json\/wp\/v2\/types\/post"}],"author":[{"embeddable":true,"href":"https:\/\/www.miguelfaccio.com.br\/blog\/index.php\/wp-json\/wp\/v2\/users\/1"}],"replies":[{"embeddable":true,"href":"https:\/\/www.miguelfaccio.com.br\/blog\/index.php\/wp-json\/wp\/v2\/comments?post=20285"}],"version-history":[{"count":1,"href":"https:\/\/www.miguelfaccio.com.br\/blog\/index.php\/wp-json\/wp\/v2\/posts\/20285\/revisions"}],"predecessor-version":[{"id":20286,"href":"https:\/\/www.miguelfaccio.com.br\/blog\/index.php\/wp-json\/wp\/v2\/posts\/20285\/revisions\/20286"}],"wp:attachment":[{"href":"https:\/\/www.miguelfaccio.com.br\/blog\/index.php\/wp-json\/wp\/v2\/media?parent=20285"}],"wp:term":[{"taxonomy":"category","embeddable":true,"href":"https:\/\/www.miguelfaccio.com.br\/blog\/index.php\/wp-json\/wp\/v2\/categories?post=20285"},{"taxonomy":"post_tag","embeddable":true,"href":"https:\/\/www.miguelfaccio.com.br\/blog\/index.php\/wp-json\/wp\/v2\/tags?post=20285"}],"curies":[{"name":"wp","href":"https:\/\/api.w.org\/{rel}","templated":true}]}}