{"id":20281,"date":"2025-12-09T08:24:13","date_gmt":"2025-12-09T11:24:13","guid":{"rendered":"https:\/\/www.miguelfaccio.com.br\/blog\/?p=20281"},"modified":"2025-12-09T08:24:15","modified_gmt":"2025-12-09T11:24:15","slug":"rcd4247-raios-ou-chamas","status":"publish","type":"post","link":"https:\/\/www.miguelfaccio.com.br\/blog\/index.php\/rcd4247-raios-ou-chamas\/","title":{"rendered":"RCD4247 Raios ou Chamas"},"content":{"rendered":"\n<p class=\"has-text-align-right\"><strong>Arcanjo Miguel <br>Atrav\u00e9s de Asara Adams<\/strong><\/p>\n\n\n\n<p>EM QUE VOC\u00ca ACREDITA?<\/p>\n\n\n\n<p>01 de dezembro de 2025<\/p>\n\n\n\n<p>Sauda\u00e7\u00f5es, queridos.<\/p>\n\n\n\n<p>Estamos enviando a voc\u00eas nossas b\u00ean\u00e7\u00e3os de amor e Luz, neste Momento Presente, e convidamos voc\u00ea a abrir seu cora\u00e7\u00e3o para a nossa mensagem\u2026<\/p>\n\n\n\n<p>Meu Amado, \u00e0 medida que voc\u00ea se liberta da ilus\u00e3o e entra em uma realidade superior de luz e amor, voc\u00ea perceber\u00e1 suas escolhas com cada vez mais clareza.<\/p>\n\n\n\n<p>Sim, de fato, voc\u00ea tem uma escolha a cada momento da sua vida.<\/p>\n\n\n\n<p>Qual \u00e9 a escolha?<\/p>\n\n\n\n<p>A escolha que voc\u00ea tem \u00e9: em que voc\u00ea acredita?<\/p>\n\n\n\n<p>Voc\u00ea acredita nas experi\u00eancias da ilus\u00e3o do ego ou acredita na for\u00e7a de Deus\/Fonte?<\/p>\n\n\n\n<p>Inicialmente, voc\u00ea pode dizer: \u201c\u00c9 claro que acredito na For\u00e7a de Deus\/Fonte\u201d.<\/p>\n\n\n\n<p>Em algum n\u00edvel, voc\u00ea talvez saiba que a ilus\u00e3o do ego o manter\u00e1 aprisionado no medo, na car\u00eancia e no isolamento \u2013 desconectado de Deus\/Fonte, o que \u00e9 desagrad\u00e1vel.<\/p>\n\n\n\n<p>Portanto, uma escolha l\u00f3gica seria acreditar plenamente na For\u00e7a e na Verdade da realidade de Deus.<\/p>\n\n\n\n<p>Em um n\u00edvel mais amplo, isso \u00e9 verdade.<\/p>\n\n\n\n<p>No entanto, quando voc\u00ea est\u00e1 imerso em uma experi\u00eancia de ilus\u00e3o, essa cren\u00e7a passa para segundo plano.<\/p>\n\n\n\n<p>Assim, \u00e0 medida que voc\u00ea desperta da ilus\u00e3o, suas escolhas se tornar\u00e3o cada vez mais importantes e at\u00e9 mesmo o que parece ser um pequeno pensamento ou sentimento ter\u00e1 um impacto maior em sua jornada de ascens\u00e3o.<\/p>\n\n\n\n<p>Vamos analisar isso mais de perto.<\/p>\n\n\n\n<p>\u00c0s vezes, a ilus\u00e3o do ego parece t\u00e3o real, tang\u00edvel e inescap\u00e1vel.<\/p>\n\n\n\n<p>Ela se manifesta em suas intera\u00e7\u00f5es com os outros e consigo mesmo, em seus pensamentos, sentimentos, finan\u00e7as, sa\u00fade, amor e assim por diante.<\/p>\n\n\n\n<p>Isso tamb\u00e9m se op\u00f5e diretamente \u00e0 Verdade de Deus.<\/p>\n\n\n\n<p>Ent\u00e3o, aqui est\u00e1 voc\u00ea em um momento de ang\u00fastia e, nesse momento, sua cren\u00e7a na ilus\u00e3o \u00e9 mais forte do que na verdade de Deus.<\/p>\n\n\n\n<p>\u00c9 quase como se a Verdade de Deus tivesse sido esquecida e desaparecido da sua consci\u00eancia, e a Ilus\u00e3o aparentemente onipotente fosse a \u00fanica coisa presente na sua experi\u00eancia.<\/p>\n\n\n\n<p>Este \u00e9 o momento da escolha.<\/p>\n\n\n\n<p>Quando voc\u00ea consegue se lembrar da onipot\u00eancia de Deus, da For\u00e7a e da Verdade de Deus, qu\u00e3o poderosa se torna a experi\u00eancia da ilus\u00e3o?<\/p>\n\n\n\n<p>Qu\u00e3o grande parece a ilus\u00e3o quando comparada com a for\u00e7a e a verdade de Deus?<\/p>\n\n\n\n<p>Observe a diferen\u00e7a de tamanho e pot\u00eancia.<\/p>\n\n\n\n<p>Ilus\u00e3o ou Deus?<\/p>\n\n\n\n<p>Qual deles \u00e9 maior?<\/p>\n\n\n\n<p>Em qual voc\u00ea acredita mais?<\/p>\n\n\n\n<p>Em qual delas voc\u00ea gostaria de acreditar mais?<\/p>\n\n\n\n<p>Colocamos a \u00faltima pergunta aqui de prop\u00f3sito. Muitas vezes, parece haver o desejo de acreditar no poder, na for\u00e7a e na verdade de Deus, mas ent\u00e3o o Ego assume o controle dos pensamentos e sentimentos e luta para mant\u00ea-lo aprisionado na ilus\u00e3o.<\/p>\n\n\n\n<p>Mas, mesmo essa tentativa do Ego acaba sendo in\u00fatil.<\/p>\n\n\n\n<p>No \u00e2mago do seu cora\u00e7\u00e3o e da sua alma reside o poder, a for\u00e7a e a verdade de Deus\/Fonte.<\/p>\n\n\n\n<p>continua<\/p>\n","protected":false},"excerpt":{"rendered":"<p>Arcanjo Miguel Atrav\u00e9s de Asara Adams EM QUE VOC\u00ca ACREDITA? 01 de dezembro de 2025 Sauda\u00e7\u00f5es, queridos. Estamos enviando a voc\u00eas nossas b\u00ean\u00e7\u00e3os de amor e Luz, neste Momento Presente, e convidamos voc\u00ea a abrir seu cora\u00e7\u00e3o para a nossa mensagem\u2026 Meu Amado, \u00e0 medida que voc\u00ea se liberta da ilus\u00e3o e entra em uma [&hellip;]<\/p>\n","protected":false},"author":1,"featured_media":0,"comment_status":"open","ping_status":"open","sticky":false,"template":"","format":"standard","meta":{"_mi_skip_tracking":false},"categories":[3],"tags":[],"_links":{"self":[{"href":"https:\/\/www.miguelfaccio.com.br\/blog\/index.php\/wp-json\/wp\/v2\/posts\/20281"}],"collection":[{"href":"https:\/\/www.miguelfaccio.com.br\/blog\/index.php\/wp-json\/wp\/v2\/posts"}],"about":[{"href":"https:\/\/www.miguelfaccio.com.br\/blog\/index.php\/wp-json\/wp\/v2\/types\/post"}],"author":[{"embeddable":true,"href":"https:\/\/www.miguelfaccio.com.br\/blog\/index.php\/wp-json\/wp\/v2\/users\/1"}],"replies":[{"embeddable":true,"href":"https:\/\/www.miguelfaccio.com.br\/blog\/index.php\/wp-json\/wp\/v2\/comments?post=20281"}],"version-history":[{"count":1,"href":"https:\/\/www.miguelfaccio.com.br\/blog\/index.php\/wp-json\/wp\/v2\/posts\/20281\/revisions"}],"predecessor-version":[{"id":20282,"href":"https:\/\/www.miguelfaccio.com.br\/blog\/index.php\/wp-json\/wp\/v2\/posts\/20281\/revisions\/20282"}],"wp:attachment":[{"href":"https:\/\/www.miguelfaccio.com.br\/blog\/index.php\/wp-json\/wp\/v2\/media?parent=20281"}],"wp:term":[{"taxonomy":"category","embeddable":true,"href":"https:\/\/www.miguelfaccio.com.br\/blog\/index.php\/wp-json\/wp\/v2\/categories?post=20281"},{"taxonomy":"post_tag","embeddable":true,"href":"https:\/\/www.miguelfaccio.com.br\/blog\/index.php\/wp-json\/wp\/v2\/tags?post=20281"}],"curies":[{"name":"wp","href":"https:\/\/api.w.org\/{rel}","templated":true}]}}