{"id":20277,"date":"2025-12-09T08:08:26","date_gmt":"2025-12-09T11:08:26","guid":{"rendered":"https:\/\/www.miguelfaccio.com.br\/blog\/?p=20277"},"modified":"2025-12-09T08:08:28","modified_gmt":"2025-12-09T11:08:28","slug":"plv4431-livro-28-diario-30-06-2023","status":"publish","type":"post","link":"https:\/\/www.miguelfaccio.com.br\/blog\/index.php\/plv4431-livro-28-diario-30-06-2023\/","title":{"rendered":"PLV4431 \u2013 Livro 28 \u2013 Di\u00e1rio, 30\/06\/2023"},"content":{"rendered":"\n<p class=\"has-text-align-right\"><strong>30\/06\/2023<\/strong><\/p>\n\n\n\n<p>A vida, \u00e9 a ess\u00eancia Divina que mant\u00e9m todas as coisas. Sem essa energia n\u00e3o h\u00e1 vida. Quando recebemos, a vida, a energia Divina, foi na maior ignor\u00e2ncia e simplicidade. De certa forma foi proposital que isso acontecesse, porque Deus nos deu apenas uma parcela de si, para que todos busc\u00e1ssemos a evolu\u00e7\u00e3o, o conhecimento, atrav\u00e9s do pr\u00f3prio esfor\u00e7o. Dotou esta individualidade de livre-arb\u00edtrio, impedindo assim que quem quer que seja pudesse intervir na escolha e evolu\u00e7\u00e3o da pr\u00f3pria individualidade. Nem Deus interfere no livre-arb\u00edtrio de quem quer que seja. A individualidade ter\u00e1 que, atrav\u00e9s da experiencia\u00e7\u00e3o de criando, evoluindo ou tendo que ressarcir, encontrar o caminho mais curto para alcan\u00e7ar a evolu\u00e7\u00e3o, a mestria. Esta \u00e9 uma exegese de longo prazo, porque todos precisam aprender a criar somente o que o evolui, e retirar de suas mentes os pensamentos que criam somente pedras e espinhos para seu caminho. A experiencia\u00e7\u00e3o \u00e9 tanta que a certa altura de sua vida vai encontrar a chave de acesso que abre a porta da evolu\u00e7\u00e3o e fecha a porta dos carmas. Esta foi a forma que Deus encontrou para ensinar aos homens o melhor caminho para a evolu\u00e7\u00e3o. Foi experimentando, errando e acertando, caindo e levantando, at\u00e9 que seu quociente f\u00edsico se convencesse de que nem sempre o melhor caminho \u00e9 o mais f\u00e1cil.<\/p>\n","protected":false},"excerpt":{"rendered":"<p>30\/06\/2023 A vida, \u00e9 a ess\u00eancia Divina que mant\u00e9m todas as coisas. Sem essa energia n\u00e3o h\u00e1 vida. Quando recebemos, a vida, a energia Divina, foi na maior ignor\u00e2ncia e simplicidade. De certa forma foi proposital que isso acontecesse, porque Deus nos deu apenas uma parcela de si, para que todos busc\u00e1ssemos a evolu\u00e7\u00e3o, o [&hellip;]<\/p>\n","protected":false},"author":1,"featured_media":0,"comment_status":"open","ping_status":"open","sticky":false,"template":"","format":"standard","meta":{"_mi_skip_tracking":false},"categories":[34],"tags":[],"_links":{"self":[{"href":"https:\/\/www.miguelfaccio.com.br\/blog\/index.php\/wp-json\/wp\/v2\/posts\/20277"}],"collection":[{"href":"https:\/\/www.miguelfaccio.com.br\/blog\/index.php\/wp-json\/wp\/v2\/posts"}],"about":[{"href":"https:\/\/www.miguelfaccio.com.br\/blog\/index.php\/wp-json\/wp\/v2\/types\/post"}],"author":[{"embeddable":true,"href":"https:\/\/www.miguelfaccio.com.br\/blog\/index.php\/wp-json\/wp\/v2\/users\/1"}],"replies":[{"embeddable":true,"href":"https:\/\/www.miguelfaccio.com.br\/blog\/index.php\/wp-json\/wp\/v2\/comments?post=20277"}],"version-history":[{"count":2,"href":"https:\/\/www.miguelfaccio.com.br\/blog\/index.php\/wp-json\/wp\/v2\/posts\/20277\/revisions"}],"predecessor-version":[{"id":20280,"href":"https:\/\/www.miguelfaccio.com.br\/blog\/index.php\/wp-json\/wp\/v2\/posts\/20277\/revisions\/20280"}],"wp:attachment":[{"href":"https:\/\/www.miguelfaccio.com.br\/blog\/index.php\/wp-json\/wp\/v2\/media?parent=20277"}],"wp:term":[{"taxonomy":"category","embeddable":true,"href":"https:\/\/www.miguelfaccio.com.br\/blog\/index.php\/wp-json\/wp\/v2\/categories?post=20277"},{"taxonomy":"post_tag","embeddable":true,"href":"https:\/\/www.miguelfaccio.com.br\/blog\/index.php\/wp-json\/wp\/v2\/tags?post=20277"}],"curies":[{"name":"wp","href":"https:\/\/api.w.org\/{rel}","templated":true}]}}