{"id":20275,"date":"2025-12-08T08:29:21","date_gmt":"2025-12-08T11:29:21","guid":{"rendered":"https:\/\/www.miguelfaccio.com.br\/blog\/?p=20275"},"modified":"2025-12-08T08:29:23","modified_gmt":"2025-12-08T11:29:23","slug":"rcd4246-raios-ou-chamas","status":"publish","type":"post","link":"https:\/\/www.miguelfaccio.com.br\/blog\/index.php\/rcd4246-raios-ou-chamas\/","title":{"rendered":"RCD4246 Raios ou Chamas"},"content":{"rendered":"\n<p class=\"has-text-align-right\"><strong>CRIADOR<\/strong><\/p>\n\n\n\n<p>CURA PROFUNDA<\/p>\n\n\n\n<p>Muitas coisas perturbadoras e dolorosas est\u00e3o vindo \u00e0 tona durante essa transi\u00e7\u00e3o. Em todos os n\u00edveis (pessoal, social, global), cada pessoa est\u00e1 vivenciando seu pr\u00f3prio despertar \u00fanico. Alguns est\u00e3o lidando bem com isso, outros n\u00e3o. \u00c9 importante lembrar que este n\u00e3o \u00e9 o momento para julgar.<\/p>\n\n\n\n<p>Sim, \u00e9 perfeitamente aceit\u00e1vel sentir raiva da viol\u00eancia e da divis\u00e3o que alguns desses eventos est\u00e3o causando, mas tamb\u00e9m \u00e9 bom ter em mente que um profundo processo de cura coletiva est\u00e1 acontecendo agora! Primeiro voc\u00ea precisa ver e encarar a escurid\u00e3o antes que uma consci\u00eancia plena e a purifica\u00e7\u00e3o possam ser alcan\u00e7adas. Acredite, querido(a), que com o apoio amoroso do Universo, grandes coisas podem ser e est\u00e3o sendo realizadas.<\/p>\n\n\n\n<p>~ Criador<\/p>\n\n\n\n<p>Por Jennifer Farley<\/p>\n\n\n\n<p>02 de dezembro de 2025<\/p>\n\n\n\n<p>Formata\u00e7\u00e3o e tradu\u00e7\u00e3o \u2013 Blog De Cora\u00e7\u00e3o a Cora\u00e7\u00e3o<\/p>\n\n\n\n<figure class=\"wp-block-embed\"><div class=\"wp-block-embed__wrapper\">\nhttp:\/\/www.decoracaoacoracao.blog.br\n<\/div><\/figure>\n\n\n\n<p>@blogdecoracaoacoracao<\/p>\n\n\n\n<p>Informa\u00e7\u00f5es e Agendamentos para Mesa Qu\u00e2ntica Estelar, Mesa Pet, Mesa Qu\u00e2ntica 2.0, Sistema Regenerador Ashtariano, Sistema Arcturiano de Cura Multidimensional \u2013 lecocqmuller@gmail.com<\/p>\n\n\n\n<p>E-book \u201cMensagens dos Mestres \u2013 De Cora\u00e7\u00e3o a Cora\u00e7\u00e3o\u201d \u2013 Mensagens dos Mestres<\/p>\n\n\n\n<figure class=\"wp-block-embed\"><div class=\"wp-block-embed__wrapper\">\nhttps:\/\/mensagensdosmestres.blogspot.com\/\n<\/div><\/figure>\n\n\n\n<figure class=\"wp-block-embed\"><div class=\"wp-block-embed__wrapper\">\nhttps:\/\/thecreatorwritings.wordpress.com\n<\/div><\/figure>\n\n\n\n<p>Respeite todos os cr\u00e9ditos ao compartilhar<\/p>\n\n\n\n<p>LUZ!<\/p>\n\n\n\n<p>STELA<\/p>\n","protected":false},"excerpt":{"rendered":"<p>CRIADOR CURA PROFUNDA Muitas coisas perturbadoras e dolorosas est\u00e3o vindo \u00e0 tona durante essa transi\u00e7\u00e3o. Em todos os n\u00edveis (pessoal, social, global), cada pessoa est\u00e1 vivenciando seu pr\u00f3prio despertar \u00fanico. Alguns est\u00e3o lidando bem com isso, outros n\u00e3o. \u00c9 importante lembrar que este n\u00e3o \u00e9 o momento para julgar. Sim, \u00e9 perfeitamente aceit\u00e1vel sentir raiva [&hellip;]<\/p>\n","protected":false},"author":1,"featured_media":0,"comment_status":"open","ping_status":"open","sticky":false,"template":"","format":"standard","meta":{"_mi_skip_tracking":false},"categories":[3],"tags":[],"_links":{"self":[{"href":"https:\/\/www.miguelfaccio.com.br\/blog\/index.php\/wp-json\/wp\/v2\/posts\/20275"}],"collection":[{"href":"https:\/\/www.miguelfaccio.com.br\/blog\/index.php\/wp-json\/wp\/v2\/posts"}],"about":[{"href":"https:\/\/www.miguelfaccio.com.br\/blog\/index.php\/wp-json\/wp\/v2\/types\/post"}],"author":[{"embeddable":true,"href":"https:\/\/www.miguelfaccio.com.br\/blog\/index.php\/wp-json\/wp\/v2\/users\/1"}],"replies":[{"embeddable":true,"href":"https:\/\/www.miguelfaccio.com.br\/blog\/index.php\/wp-json\/wp\/v2\/comments?post=20275"}],"version-history":[{"count":1,"href":"https:\/\/www.miguelfaccio.com.br\/blog\/index.php\/wp-json\/wp\/v2\/posts\/20275\/revisions"}],"predecessor-version":[{"id":20276,"href":"https:\/\/www.miguelfaccio.com.br\/blog\/index.php\/wp-json\/wp\/v2\/posts\/20275\/revisions\/20276"}],"wp:attachment":[{"href":"https:\/\/www.miguelfaccio.com.br\/blog\/index.php\/wp-json\/wp\/v2\/media?parent=20275"}],"wp:term":[{"taxonomy":"category","embeddable":true,"href":"https:\/\/www.miguelfaccio.com.br\/blog\/index.php\/wp-json\/wp\/v2\/categories?post=20275"},{"taxonomy":"post_tag","embeddable":true,"href":"https:\/\/www.miguelfaccio.com.br\/blog\/index.php\/wp-json\/wp\/v2\/tags?post=20275"}],"curies":[{"name":"wp","href":"https:\/\/api.w.org\/{rel}","templated":true}]}}