{"id":20273,"date":"2025-12-08T08:27:32","date_gmt":"2025-12-08T11:27:32","guid":{"rendered":"https:\/\/www.miguelfaccio.com.br\/blog\/?p=20273"},"modified":"2025-12-08T08:27:34","modified_gmt":"2025-12-08T11:27:34","slug":"plv4430-livro-28-diario-29-06-2023","status":"publish","type":"post","link":"https:\/\/www.miguelfaccio.com.br\/blog\/index.php\/plv4430-livro-28-diario-29-06-2023\/","title":{"rendered":"PLV4430 \u2013 Livro 28 \u2013 Di\u00e1rio, 29\/06\/2023"},"content":{"rendered":"\n<p class=\"has-text-align-right\"><strong>29\/06\/2023<\/strong><\/p>\n\n\n\n<p>No projeto evolutivo da humanidade pode-se encontrar a aplica\u00e7\u00e3o de dois extremos na atividade humana. Aqueles que buscam a evolu\u00e7\u00e3o e aqueles que em tudo agem para engrandecer o ego. Os primeiros buscam a luz. Os segundos buscam endeusar a si mesmos como se fossem a \u00faltima fruta do p\u00e9. Os primeiros j\u00e1 t\u00eam a consci\u00eancia formada de que est\u00e3o aqui na Terra para evoluir, para experienciar seus conhecimentos e alcan\u00e7ar a mestria. Os segundos, talvez, estejam at\u00e9 desprovidos da consci\u00eancia de seus atos. Incapazes de sopesar os seus atos, agem em tudo com insanidade, contanto que lhes rendam lucros. Ainda julgam que o valor de um homem est\u00e1 no tratamento de seu bolso, se o seu ainda \u00e9 pequeno, roubam at\u00e9 da m\u00e3e para aumentar-lhe o tamanho. S\u00e3o seres que mais degradam do que agregam em valores para a sociedade. Julgam-se injusti\u00e7ados e a sociedade os ter\u00e1 que pagar. Falidos em seus princ\u00edpios de seres espirituais, chafurdam no pior lodo da ra\u00e7a humana, e quais porcos, satisfazem-se com ele. Pobres esp\u00edritos, terem que suportar um corpo que s\u00f3 \u00e9 amigo de seu bolso, no mais, tanto faz. Estes n\u00e3o t\u00eam consci\u00eancia do estrago que fazem a si mesmos e ao pr\u00f3prio planeta. O Planeta ter\u00e1 que exorcizar as sombras que envolvem seus corpos, pois s\u00e3o capazes de frear a evolu\u00e7\u00e3o do planeta, pelo peso de suas energias negativas, que emperram a evolu\u00e7\u00e3o normal do tempo. Onde apenas choveria, surge a tempestade. Onde o vento apenas limparia a atmosfera, surge o furac\u00e3o.<\/p>\n","protected":false},"excerpt":{"rendered":"<p>29\/06\/2023 No projeto evolutivo da humanidade pode-se encontrar a aplica\u00e7\u00e3o de dois extremos na atividade humana. Aqueles que buscam a evolu\u00e7\u00e3o e aqueles que em tudo agem para engrandecer o ego. Os primeiros buscam a luz. Os segundos buscam endeusar a si mesmos como se fossem a \u00faltima fruta do p\u00e9. Os primeiros j\u00e1 t\u00eam [&hellip;]<\/p>\n","protected":false},"author":1,"featured_media":0,"comment_status":"open","ping_status":"open","sticky":false,"template":"","format":"standard","meta":{"_mi_skip_tracking":false},"categories":[34],"tags":[],"_links":{"self":[{"href":"https:\/\/www.miguelfaccio.com.br\/blog\/index.php\/wp-json\/wp\/v2\/posts\/20273"}],"collection":[{"href":"https:\/\/www.miguelfaccio.com.br\/blog\/index.php\/wp-json\/wp\/v2\/posts"}],"about":[{"href":"https:\/\/www.miguelfaccio.com.br\/blog\/index.php\/wp-json\/wp\/v2\/types\/post"}],"author":[{"embeddable":true,"href":"https:\/\/www.miguelfaccio.com.br\/blog\/index.php\/wp-json\/wp\/v2\/users\/1"}],"replies":[{"embeddable":true,"href":"https:\/\/www.miguelfaccio.com.br\/blog\/index.php\/wp-json\/wp\/v2\/comments?post=20273"}],"version-history":[{"count":1,"href":"https:\/\/www.miguelfaccio.com.br\/blog\/index.php\/wp-json\/wp\/v2\/posts\/20273\/revisions"}],"predecessor-version":[{"id":20274,"href":"https:\/\/www.miguelfaccio.com.br\/blog\/index.php\/wp-json\/wp\/v2\/posts\/20273\/revisions\/20274"}],"wp:attachment":[{"href":"https:\/\/www.miguelfaccio.com.br\/blog\/index.php\/wp-json\/wp\/v2\/media?parent=20273"}],"wp:term":[{"taxonomy":"category","embeddable":true,"href":"https:\/\/www.miguelfaccio.com.br\/blog\/index.php\/wp-json\/wp\/v2\/categories?post=20273"},{"taxonomy":"post_tag","embeddable":true,"href":"https:\/\/www.miguelfaccio.com.br\/blog\/index.php\/wp-json\/wp\/v2\/tags?post=20273"}],"curies":[{"name":"wp","href":"https:\/\/api.w.org\/{rel}","templated":true}]}}