{"id":20271,"date":"2025-12-07T09:40:48","date_gmt":"2025-12-07T12:40:48","guid":{"rendered":"https:\/\/www.miguelfaccio.com.br\/blog\/?p=20271"},"modified":"2025-12-07T09:40:50","modified_gmt":"2025-12-07T12:40:50","slug":"rcd4245-raios-ou-chamas","status":"publish","type":"post","link":"https:\/\/www.miguelfaccio.com.br\/blog\/index.php\/rcd4245-raios-ou-chamas\/","title":{"rendered":"RCD4245 Raios ou Chamas"},"content":{"rendered":"\n<p class=\"has-text-align-right\"><strong>Mensagem de M\u00e3e Maria <br>Atrav\u00e9s de Jane Ribeiro<\/strong><\/p>\n\n\n\n<p>TEMPO DE MUDAN\u00c7AS, TEMPO DE ESCOLHAS<\/p>\n\n\n\n<p>continua\u00e7\u00e3o<\/p>\n\n\n\n<p>Hoje, neste tempo de transforma\u00e7\u00e3o, todos chegaram a um ponto em suas evolu\u00e7\u00f5es que exige a grande e \u00fanica escolha que pode dar sentido ao vosso viver, escolher a luz do Pai, revelada por vossas almas, em detrimento da escurid\u00e3o ofertada por vossos egos, que ainda comandam a jornada de milhares de seres na vossa M\u00e3e Terra.<\/p>\n\n\n\n<p>O momento da escolha exige de v\u00f3s a clareza de que esta oportunidade, se aproveitada, vos levar\u00e3o a t\u00e3o acalentada ascens\u00e3o.<\/p>\n\n\n\n<p>Escolhei, pois, o mundo em que quereis viver, eis que o joio se separa do trigo, e n\u00e3o h\u00e1 mais tempo para indecis\u00f5es, para posterga\u00e7\u00e3o das atitudes fundamentais a serem manifestadas por aqueles que escolheram a luz do Pai Criador.<\/p>\n\n\n\n<p>Ser luz \u00e9 vossa heran\u00e7a divina, mas manifestar a luz \u00e9 vossa escolha, a \u00fanica que estais prestes a exercitar e que vos trouxe por in\u00fameras encarna\u00e7\u00f5es a esse planeta nominado por v\u00f3s de M\u00e3e Terra.<\/p>\n\n\n\n<p>O chamado ecoou longo e claro em todas as mentes e cora\u00e7\u00f5es.<\/p>\n\n\n\n<p>\u00c9 hora, pois, de agir, efetuando rapidamente as \u00faltimas mudan\u00e7as que vos colocam na sintonia perfeita necess\u00e1ria para que possais experenciar o reencontro dos filhos da Luz.<\/p>\n\n\n\n<p>Aleluia, amados, n\u00f3s nos rejubilamos com todos v\u00f3s.<\/p>\n\n\n\n<p>Ousai, pois, transpassar a porta que se abre agora, para que possais vivenciar a ascens\u00e3o.<\/p>\n\n\n\n<p>Bem-amados, perseverai em vossas ora\u00e7\u00f5es; o mundo precisa de ora\u00e7\u00e3o, os Filhos da Terra precisam de ora\u00e7\u00e3o, o inconsciente coletivo da humanidade precisa ser inundado de ora\u00e7\u00f5es, para que a luz prevale\u00e7a soberana em vosso planeta azul.<\/p>\n\n\n\n<p>Bem-amados, Eu Vos deixo agora derramando sobre todos v\u00f3s as minhas b\u00ean\u00e7\u00e3os e envolvendo a todos no meu manto de prote\u00e7\u00e3o.<\/p>\n\n\n\n<p>~ Eu Sou Maria, vossa M\u00e3e<\/p>\n\n\n\n<p>Formata\u00e7\u00e3o \u2013 Blog De Cora\u00e7\u00e3o a Cora\u00e7\u00e3o<\/p>\n\n\n\n<figure class=\"wp-block-embed\"><div class=\"wp-block-embed__wrapper\">\nhttp:\/\/www.decoracaoacoracao.blog.br\/\n<\/div><\/figure>\n\n\n\n<figure class=\"wp-block-embed\"><div class=\"wp-block-embed__wrapper\">\nhttp:\/\/stelalecocq.blogspot.com\n<\/div><\/figure>\n\n\n\n<figure class=\"wp-block-embed\"><div class=\"wp-block-embed__wrapper\">\nhttps:\/\/lecocq.wordpress.com\n<\/div><\/figure>\n\n\n\n<p>Instagram \u2013 @blogdecoracaoacoracao<\/p>\n\n\n\n<p>Informa\u00e7\u00f5es e Agendamentos para Mesa Qu\u00e2ntica Estelar, Mesa Pet, Mesa Qu\u00e2ntica 2.0, Florais de Bach, Sistema Regenerador Ashtariano, Sistema Arcturiano de Cura Multidimensional \u2013 lecocqmuller@gmail.com<\/p>\n\n\n\n<p>E-book \u201cMensagens dos Mestres \u2013 De Cora\u00e7\u00e3o a Cora\u00e7\u00e3o\u201d \u2013 https:\/\/mensagensdosmestres.blogspot.com\/<\/p>\n\n\n\n<figure class=\"wp-block-embed\"><div class=\"wp-block-embed__wrapper\">\nhttps:\/\/bit.ly\/mensagensmaemaria\n<\/div><\/figure>\n\n\n\n<p>Respeite todos os cr\u00e9ditos ao compartilhar<\/p>\n\n\n\n<p>LUZ!<\/p>\n\n\n\n<p>STELA<\/p>\n","protected":false},"excerpt":{"rendered":"<p>Mensagem de M\u00e3e Maria Atrav\u00e9s de Jane Ribeiro TEMPO DE MUDAN\u00c7AS, TEMPO DE ESCOLHAS continua\u00e7\u00e3o Hoje, neste tempo de transforma\u00e7\u00e3o, todos chegaram a um ponto em suas evolu\u00e7\u00f5es que exige a grande e \u00fanica escolha que pode dar sentido ao vosso viver, escolher a luz do Pai, revelada por vossas almas, em detrimento da escurid\u00e3o [&hellip;]<\/p>\n","protected":false},"author":1,"featured_media":0,"comment_status":"open","ping_status":"open","sticky":false,"template":"","format":"standard","meta":{"_mi_skip_tracking":false},"categories":[3],"tags":[],"_links":{"self":[{"href":"https:\/\/www.miguelfaccio.com.br\/blog\/index.php\/wp-json\/wp\/v2\/posts\/20271"}],"collection":[{"href":"https:\/\/www.miguelfaccio.com.br\/blog\/index.php\/wp-json\/wp\/v2\/posts"}],"about":[{"href":"https:\/\/www.miguelfaccio.com.br\/blog\/index.php\/wp-json\/wp\/v2\/types\/post"}],"author":[{"embeddable":true,"href":"https:\/\/www.miguelfaccio.com.br\/blog\/index.php\/wp-json\/wp\/v2\/users\/1"}],"replies":[{"embeddable":true,"href":"https:\/\/www.miguelfaccio.com.br\/blog\/index.php\/wp-json\/wp\/v2\/comments?post=20271"}],"version-history":[{"count":1,"href":"https:\/\/www.miguelfaccio.com.br\/blog\/index.php\/wp-json\/wp\/v2\/posts\/20271\/revisions"}],"predecessor-version":[{"id":20272,"href":"https:\/\/www.miguelfaccio.com.br\/blog\/index.php\/wp-json\/wp\/v2\/posts\/20271\/revisions\/20272"}],"wp:attachment":[{"href":"https:\/\/www.miguelfaccio.com.br\/blog\/index.php\/wp-json\/wp\/v2\/media?parent=20271"}],"wp:term":[{"taxonomy":"category","embeddable":true,"href":"https:\/\/www.miguelfaccio.com.br\/blog\/index.php\/wp-json\/wp\/v2\/categories?post=20271"},{"taxonomy":"post_tag","embeddable":true,"href":"https:\/\/www.miguelfaccio.com.br\/blog\/index.php\/wp-json\/wp\/v2\/tags?post=20271"}],"curies":[{"name":"wp","href":"https:\/\/api.w.org\/{rel}","templated":true}]}}