{"id":20269,"date":"2025-12-07T09:35:44","date_gmt":"2025-12-07T12:35:44","guid":{"rendered":"https:\/\/www.miguelfaccio.com.br\/blog\/?p=20269"},"modified":"2025-12-07T09:35:45","modified_gmt":"2025-12-07T12:35:45","slug":"plv4429-livro-28-diario-28-06-2023","status":"publish","type":"post","link":"https:\/\/www.miguelfaccio.com.br\/blog\/index.php\/plv4429-livro-28-diario-28-06-2023\/","title":{"rendered":"PLV4429 \u2013 Livro 28 \u2013 Di\u00e1rio, 28\/06\/2023"},"content":{"rendered":"\n<p class=\"has-text-align-right\"><strong>28\/06\/2023<\/strong><\/p>\n\n\n\n<p>EU SOU a poderosa presen\u00e7a de Deus que nunca falha. Todos os livros sagrados que expressam EU SOU, est\u00e3o falando da presen\u00e7a de Deus em cada cora\u00e7\u00e3o. Nenhum dos exegetas que falam nos livros sagrados se refere a sua pessoa. Todos, absolutamente todos, ao expressarem EU SOU, est\u00e3o se referindo \u00e0 Divindade, quer seja na sua totalidade ou na sua individualidade, existente em cada ser no universo. \u00c9 preciso que se entenda que cada ser \u00e9 uma part\u00edcula do Deus Uno. Uma part\u00edcula que lhe d\u00e1 a exist\u00eancia e o poder de criar tudo que lhe diz respeito inclusive evoluir dentro da energia Divina, dando-lhe condi\u00e7\u00f5es de alcan\u00e7ar a mestria e ascensionar. O Cristo utilizou muito a express\u00e3o EU SOU, mas \u00e0 uma an\u00e1lise muito simples, descarta a possibilidade de Jesus estar falando de si. Dentro do mesmo contexto Ele diz: \u201c<em>N\u00e3o sou eu que fa\u00e7o, \u00e9 o Pai que est\u00e1 em mim quem faz<\/em>\u201d. Jesus n\u00e3o poderia estar dizendo de si mesmo, porque estaria mentindo, e isso \u00e9 inconceb\u00edvel. Quando Jesus usa o termo \u201c<em>eu sou<\/em>\u201d precisa ser substitu\u00eddo por: \u201c<em>o Pai que est\u00e1 em mim, \u00e9 o caminho, a verdade e a vida<\/em>\u201d. Nenhum pregador ou escritor b\u00edblico usa \u201ceu sou\u201d para identificar-se ou apresentar-se a uma coletividade. \u00c9 preciso identificar muito claramente o verbo \u201cser\u201d na primeira pessoa do singular, eu sou, do substantivo \u201cEU SOU\u201d que normalmente representa a Divindade, o Pai, como diz Jesus. Esta intelectualiza\u00e7\u00e3o \u00e9 de primaz import\u00e2ncia para o entendimento correto de seu uso.<\/p>\n","protected":false},"excerpt":{"rendered":"<p>28\/06\/2023 EU SOU a poderosa presen\u00e7a de Deus que nunca falha. Todos os livros sagrados que expressam EU SOU, est\u00e3o falando da presen\u00e7a de Deus em cada cora\u00e7\u00e3o. Nenhum dos exegetas que falam nos livros sagrados se refere a sua pessoa. Todos, absolutamente todos, ao expressarem EU SOU, est\u00e3o se referindo \u00e0 Divindade, quer seja [&hellip;]<\/p>\n","protected":false},"author":1,"featured_media":0,"comment_status":"open","ping_status":"open","sticky":false,"template":"","format":"standard","meta":{"_mi_skip_tracking":false},"categories":[34],"tags":[],"_links":{"self":[{"href":"https:\/\/www.miguelfaccio.com.br\/blog\/index.php\/wp-json\/wp\/v2\/posts\/20269"}],"collection":[{"href":"https:\/\/www.miguelfaccio.com.br\/blog\/index.php\/wp-json\/wp\/v2\/posts"}],"about":[{"href":"https:\/\/www.miguelfaccio.com.br\/blog\/index.php\/wp-json\/wp\/v2\/types\/post"}],"author":[{"embeddable":true,"href":"https:\/\/www.miguelfaccio.com.br\/blog\/index.php\/wp-json\/wp\/v2\/users\/1"}],"replies":[{"embeddable":true,"href":"https:\/\/www.miguelfaccio.com.br\/blog\/index.php\/wp-json\/wp\/v2\/comments?post=20269"}],"version-history":[{"count":1,"href":"https:\/\/www.miguelfaccio.com.br\/blog\/index.php\/wp-json\/wp\/v2\/posts\/20269\/revisions"}],"predecessor-version":[{"id":20270,"href":"https:\/\/www.miguelfaccio.com.br\/blog\/index.php\/wp-json\/wp\/v2\/posts\/20269\/revisions\/20270"}],"wp:attachment":[{"href":"https:\/\/www.miguelfaccio.com.br\/blog\/index.php\/wp-json\/wp\/v2\/media?parent=20269"}],"wp:term":[{"taxonomy":"category","embeddable":true,"href":"https:\/\/www.miguelfaccio.com.br\/blog\/index.php\/wp-json\/wp\/v2\/categories?post=20269"},{"taxonomy":"post_tag","embeddable":true,"href":"https:\/\/www.miguelfaccio.com.br\/blog\/index.php\/wp-json\/wp\/v2\/tags?post=20269"}],"curies":[{"name":"wp","href":"https:\/\/api.w.org\/{rel}","templated":true}]}}