{"id":20266,"date":"2025-12-06T08:43:47","date_gmt":"2025-12-06T11:43:47","guid":{"rendered":"https:\/\/www.miguelfaccio.com.br\/blog\/?p=20266"},"modified":"2025-12-06T08:44:55","modified_gmt":"2025-12-06T11:44:55","slug":"rcd4244-raios-ou-chamas","status":"publish","type":"post","link":"https:\/\/www.miguelfaccio.com.br\/blog\/index.php\/rcd4244-raios-ou-chamas\/","title":{"rendered":"RCD4244 Raios ou Chamas"},"content":{"rendered":"\n<p class=\"has-text-align-right\"><strong>Mensagem de M\u00e3e Maria <br>Atrav\u00e9s de Jane Ribeiro<\/strong><\/p>\n\n\n\n<p>TEMPO DE MUDAN\u00c7AS, TEMPO DE ESCOLHAS<\/p>\n\n\n\n<p>02 de dezembro de 2025<\/p>\n\n\n\n<p>Amados filhos,<\/p>\n\n\n\n<p>Que as b\u00ean\u00e7\u00e3os do Amor Tragam Paz Aos Vossos Corpos, mentes e cora\u00e7\u00f5es<\/p>\n\n\n\n<p>\u00c9 tempo de todos os filhos da Terra fazerem sua escolha eis que se aproxima, rapidamente, o final do ciclo que vos abre a possibilidade de exercitardes a reden\u00e7\u00e3o.<\/p>\n\n\n\n<p>Rendei-vos, ou n\u00e3o, ao Ser Supremo que jaz no \u00e2mago do vosso ser, rendei-vos ao seu poder, a sua gl\u00f3ria, a sua luz que \u00e9 pura perfei\u00e7\u00e3o, rendei-vos ao Divino em v\u00f3s, Aquele a quem chamais de Pai Criador.<\/p>\n\n\n\n<p>Reden\u00e7\u00e3o n\u00e3o \u00e9 um passo, uma promessa, um ato de f\u00e9, uma declara\u00e7\u00e3o de impot\u00eancia frente a algo maior.<\/p>\n\n\n\n<p>Reden\u00e7\u00e3o \u00e9 a conclus\u00e3o de um longo processo, que exigiu de todos muito aprendizado, em m\u00faltiplas encarna\u00e7\u00f5es, aprendizado necess\u00e1rio para que pud\u00e9sseis manifestar as virtudes do Pai no mundo da a\u00e7\u00e3o.<\/p>\n\n\n\n<p>Para chegar a este momentum todos receberam id\u00eanticas oportunidades e contaram com as mesmas ferramentas.<\/p>\n\n\n\n<p>Passo a passo, dia ap\u00f3s dia, cada um agarrou as oportunidades surgidas e, munidos das ferramentas que o Pai ofertou, exercitaram erros e acertos dependendo da aten\u00e7\u00e3o dispensada a linguagem de vossos egos ou de vossos cora\u00e7\u00f5es.<\/p>\n\n\n\n<p>Percebestes, ao longo do processo, e a custa de muitas dores e sofrimentos desnecess\u00e1rios, que vossos egos vos tornavam mais e mais ego\u00edstas, e que vossas a\u00e7\u00f5es nunca traziam a alegria e a plenitude esperadas, mas, t\u00e3o somente, desilus\u00f5es.<\/p>\n\n\n\n<p>Pouco a pouco voltastes vossas aten\u00e7\u00f5es para a linguagem expressada por vossos cora\u00e7\u00f5es e, lentamente, percebestes que ele sempre vos apontava o melhor caminho para a concretiza\u00e7\u00e3o de vossos ideais.<\/p>\n\n\n\n<p>Assim fostes mudando. Mudastes vosso agir pela mudan\u00e7a de vossa maneira de pensar ancorada no vosso sentir,<\/p>\n\n\n\n<p>E o caminho da reden\u00e7\u00e3o finalmente se abriu impondo as vossas condutas o comportamento revelado por vossas almas.<\/p>\n\n\n\n<p>O ego\u00edsmo foi dando lugar a solidariedade, a compaix\u00e3o se fez presente e o amor desabrochou nos cora\u00e7\u00f5es; pouco a pouco milhares de Filhos da Terra principiaram a mostrar, com seus exemplos, o verdadeiro prop\u00f3sito do viver no planeta azul.<\/p>\n\n\n\n<p>continua<\/p>\n","protected":false},"excerpt":{"rendered":"<p>Mensagem de M\u00e3e Maria Atrav\u00e9s de Jane Ribeiro TEMPO DE MUDAN\u00c7AS, TEMPO DE ESCOLHAS 02 de dezembro de 2025 Amados filhos, Que as b\u00ean\u00e7\u00e3os do Amor Tragam Paz Aos Vossos Corpos, mentes e cora\u00e7\u00f5es \u00c9 tempo de todos os filhos da Terra fazerem sua escolha eis que se aproxima, rapidamente, o final do ciclo que [&hellip;]<\/p>\n","protected":false},"author":1,"featured_media":0,"comment_status":"open","ping_status":"open","sticky":false,"template":"","format":"standard","meta":{"_mi_skip_tracking":false},"categories":[3],"tags":[],"_links":{"self":[{"href":"https:\/\/www.miguelfaccio.com.br\/blog\/index.php\/wp-json\/wp\/v2\/posts\/20266"}],"collection":[{"href":"https:\/\/www.miguelfaccio.com.br\/blog\/index.php\/wp-json\/wp\/v2\/posts"}],"about":[{"href":"https:\/\/www.miguelfaccio.com.br\/blog\/index.php\/wp-json\/wp\/v2\/types\/post"}],"author":[{"embeddable":true,"href":"https:\/\/www.miguelfaccio.com.br\/blog\/index.php\/wp-json\/wp\/v2\/users\/1"}],"replies":[{"embeddable":true,"href":"https:\/\/www.miguelfaccio.com.br\/blog\/index.php\/wp-json\/wp\/v2\/comments?post=20266"}],"version-history":[{"count":1,"href":"https:\/\/www.miguelfaccio.com.br\/blog\/index.php\/wp-json\/wp\/v2\/posts\/20266\/revisions"}],"predecessor-version":[{"id":20267,"href":"https:\/\/www.miguelfaccio.com.br\/blog\/index.php\/wp-json\/wp\/v2\/posts\/20266\/revisions\/20267"}],"wp:attachment":[{"href":"https:\/\/www.miguelfaccio.com.br\/blog\/index.php\/wp-json\/wp\/v2\/media?parent=20266"}],"wp:term":[{"taxonomy":"category","embeddable":true,"href":"https:\/\/www.miguelfaccio.com.br\/blog\/index.php\/wp-json\/wp\/v2\/categories?post=20266"},{"taxonomy":"post_tag","embeddable":true,"href":"https:\/\/www.miguelfaccio.com.br\/blog\/index.php\/wp-json\/wp\/v2\/tags?post=20266"}],"curies":[{"name":"wp","href":"https:\/\/api.w.org\/{rel}","templated":true}]}}