{"id":20093,"date":"2025-10-30T09:25:57","date_gmt":"2025-10-30T12:25:57","guid":{"rendered":"https:\/\/www.miguelfaccio.com.br\/blog\/?p=20093"},"modified":"2025-10-30T09:26:02","modified_gmt":"2025-10-30T12:26:02","slug":"plv4382-livro-28-diario-20-05-2023","status":"publish","type":"post","link":"https:\/\/www.miguelfaccio.com.br\/blog\/index.php\/plv4382-livro-28-diario-20-05-2023\/","title":{"rendered":"PLV4382 \u2013 Livro 28 \u2013 Di\u00e1rio, 20\/05\/2023"},"content":{"rendered":"\n<p class=\"has-text-align-right\"><strong>20\/05\/2023<\/strong><\/p>\n\n\n\n<p>No princ\u00edpio do princ\u00edpio era Deus, e Deus criou. Criou tudo semelhante a Ele, tal quando criou o homem, Ele disse: \u201cfa\u00e7amos o homem a nossa imagem e semelhan\u00e7a\u201d. Isso n\u00e3o quer dizer que o \u00fanico ser semelhante a Deus seja s\u00f3 o homem, n\u00e3o. Todos os seres s\u00e3o formados de mat\u00e9ria e ess\u00eancia, essa ess\u00eancia \u00e9 provinda do Deus Uno, que assim est\u00e1 em tudo. Essa ess\u00eancia mant\u00eam todas as coisas, assim se assemelha a Deus. A \u00fanica coisa que difere entre um ser e outro \u00e9 a intensidade e a frequ\u00eancia com que essa energia interfere em cada ser, que, de certa forma, estabelece sua diferencia\u00e7\u00e3o. Desta forma \u00e9 que Deus torna-se \u201cDeus em A\u00e7\u00e3o\u201d em todo o universo. At\u00e9 as part\u00edculas que formam o \u00e1tomo possuem essa energia, de formas que Saint Germain possa dizer que tudo tem intelig\u00eancia e consci\u00eancia. Apenas o parco desenvolvimento dos sentidos humanos \u00e9 que o impedem de compreender e intelectualizar essa realidade. Essa energia Divina, em uma intensidade e frequ\u00eancia espec\u00edfica, forma e mant\u00e9m do \u00e1tomo \u00e0 gal\u00e1xia e englobando o universo. Assim Deus est\u00e1 em toda parte, conhece os m\u00ednimos pensamentos. Atrav\u00e9s de seus prepostos no c\u00e9u ou na Terra, auxiliam aqueles que encontram dificuldade para evoluir, para que criem coragem e se movimentem rumo \u00e0 sua evolu\u00e7\u00e3o espiritual. Na realidade cada ser \u00e9 Deus em a\u00e7\u00e3o, mesmo que seja apenas uma part\u00edcula, mas tamb\u00e9m \u00e9 Deus.<\/p>\n","protected":false},"excerpt":{"rendered":"<p>20\/05\/2023 No princ\u00edpio do princ\u00edpio era Deus, e Deus criou. Criou tudo semelhante a Ele, tal quando criou o homem, Ele disse: \u201cfa\u00e7amos o homem a nossa imagem e semelhan\u00e7a\u201d. Isso n\u00e3o quer dizer que o \u00fanico ser semelhante a Deus seja s\u00f3 o homem, n\u00e3o. Todos os seres s\u00e3o formados de mat\u00e9ria e ess\u00eancia, [&hellip;]<\/p>\n","protected":false},"author":1,"featured_media":0,"comment_status":"open","ping_status":"open","sticky":false,"template":"","format":"standard","meta":{"_mi_skip_tracking":false},"categories":[34],"tags":[],"_links":{"self":[{"href":"https:\/\/www.miguelfaccio.com.br\/blog\/index.php\/wp-json\/wp\/v2\/posts\/20093"}],"collection":[{"href":"https:\/\/www.miguelfaccio.com.br\/blog\/index.php\/wp-json\/wp\/v2\/posts"}],"about":[{"href":"https:\/\/www.miguelfaccio.com.br\/blog\/index.php\/wp-json\/wp\/v2\/types\/post"}],"author":[{"embeddable":true,"href":"https:\/\/www.miguelfaccio.com.br\/blog\/index.php\/wp-json\/wp\/v2\/users\/1"}],"replies":[{"embeddable":true,"href":"https:\/\/www.miguelfaccio.com.br\/blog\/index.php\/wp-json\/wp\/v2\/comments?post=20093"}],"version-history":[{"count":1,"href":"https:\/\/www.miguelfaccio.com.br\/blog\/index.php\/wp-json\/wp\/v2\/posts\/20093\/revisions"}],"predecessor-version":[{"id":20094,"href":"https:\/\/www.miguelfaccio.com.br\/blog\/index.php\/wp-json\/wp\/v2\/posts\/20093\/revisions\/20094"}],"wp:attachment":[{"href":"https:\/\/www.miguelfaccio.com.br\/blog\/index.php\/wp-json\/wp\/v2\/media?parent=20093"}],"wp:term":[{"taxonomy":"category","embeddable":true,"href":"https:\/\/www.miguelfaccio.com.br\/blog\/index.php\/wp-json\/wp\/v2\/categories?post=20093"},{"taxonomy":"post_tag","embeddable":true,"href":"https:\/\/www.miguelfaccio.com.br\/blog\/index.php\/wp-json\/wp\/v2\/tags?post=20093"}],"curies":[{"name":"wp","href":"https:\/\/api.w.org\/{rel}","templated":true}]}}