{"id":20089,"date":"2025-10-29T08:01:13","date_gmt":"2025-10-29T11:01:13","guid":{"rendered":"https:\/\/www.miguelfaccio.com.br\/blog\/?p=20089"},"modified":"2025-10-29T08:01:17","modified_gmt":"2025-10-29T11:01:17","slug":"plv4381-livro-28-diario-19-05-2023","status":"publish","type":"post","link":"https:\/\/www.miguelfaccio.com.br\/blog\/index.php\/plv4381-livro-28-diario-19-05-2023\/","title":{"rendered":"PLV4381 \u2013 Livro 28 \u2013 Di\u00e1rio, 19\/05\/2023"},"content":{"rendered":"\n<p class=\"has-text-align-right\"><strong>19\/05\/2023<\/strong><\/p>\n\n\n\n<p>\u00c9 uma grande dificuldade, especialmente, para esta juventude conseguir levantar a cabe\u00e7a e os olhos para algo que est\u00e1 fora dos limites da mat\u00e9ria, aquilo que satisfaz somente o ego, o orgulho e os prazeres mundanos. Seus olhos n\u00e3o conseguem perceber o c\u00e9u, n\u00e3o o c\u00e9u vis\u00edvel aos olhos, mas, especialmente, o c\u00e9u como sua futura morada. Isso n\u00e3o cabe em sua busca atual. Isso foge ao seu entendimento. Isso est\u00e1 al\u00e9m de sua capacidade intelectiva, pois n\u00e3o formaram em seu consciente exterior os par\u00e2metros necess\u00e1rios para que entenda e busque mais conhecimentos sobre o que \u00e9, e sobre o seu parceiro de caminhada, seu esp\u00edrito, com quem forma um conjunto, tornando-se insepar\u00e1veis at\u00e9 que a morte venha deslig\u00e1-los, levando seu corpo para o cemit\u00e9rio e seu esp\u00edrito retorna para o mundo espiritual, o chamado c\u00e9u, onde sequer tiveste coragem de olhar e, muito menos de pensar sobre ele que \u00e9 tua casa, tamb\u00e9m, quando a morte te separar de teu corpo. N\u00e3o esque\u00e7a nunca, o corpo \u00e9 voc\u00ea, o esp\u00edrito tamb\u00e9m \u00e9 voc\u00ea. Est\u00e3o vivendo um conjunto \u00fanico, s\u00f3 separ\u00e1vel quando a morte bater \u00e0 sua porta. Aquilo que fizeres, sempre recair\u00e1 em voc\u00ea, e voc\u00ea, em s\u00edntese, \u00e9 aquilo que fizestes, fizeres, far\u00e1s conta de ti mesmo. Conseguindo intelectualizar isso, ter\u00e1s encontrado objetivo de teu esp\u00edrito descer \u00e0 mat\u00e9ria e formar com teu corpo um conjunto que deve ser harmonioso, e capaz de elevar evolutivamente tanto o teu corpo como teu esp\u00edrito.<\/p>\n","protected":false},"excerpt":{"rendered":"<p>19\/05\/2023 \u00c9 uma grande dificuldade, especialmente, para esta juventude conseguir levantar a cabe\u00e7a e os olhos para algo que est\u00e1 fora dos limites da mat\u00e9ria, aquilo que satisfaz somente o ego, o orgulho e os prazeres mundanos. Seus olhos n\u00e3o conseguem perceber o c\u00e9u, n\u00e3o o c\u00e9u vis\u00edvel aos olhos, mas, especialmente, o c\u00e9u como [&hellip;]<\/p>\n","protected":false},"author":1,"featured_media":0,"comment_status":"open","ping_status":"open","sticky":false,"template":"","format":"standard","meta":{"_mi_skip_tracking":false},"categories":[34],"tags":[],"_links":{"self":[{"href":"https:\/\/www.miguelfaccio.com.br\/blog\/index.php\/wp-json\/wp\/v2\/posts\/20089"}],"collection":[{"href":"https:\/\/www.miguelfaccio.com.br\/blog\/index.php\/wp-json\/wp\/v2\/posts"}],"about":[{"href":"https:\/\/www.miguelfaccio.com.br\/blog\/index.php\/wp-json\/wp\/v2\/types\/post"}],"author":[{"embeddable":true,"href":"https:\/\/www.miguelfaccio.com.br\/blog\/index.php\/wp-json\/wp\/v2\/users\/1"}],"replies":[{"embeddable":true,"href":"https:\/\/www.miguelfaccio.com.br\/blog\/index.php\/wp-json\/wp\/v2\/comments?post=20089"}],"version-history":[{"count":1,"href":"https:\/\/www.miguelfaccio.com.br\/blog\/index.php\/wp-json\/wp\/v2\/posts\/20089\/revisions"}],"predecessor-version":[{"id":20090,"href":"https:\/\/www.miguelfaccio.com.br\/blog\/index.php\/wp-json\/wp\/v2\/posts\/20089\/revisions\/20090"}],"wp:attachment":[{"href":"https:\/\/www.miguelfaccio.com.br\/blog\/index.php\/wp-json\/wp\/v2\/media?parent=20089"}],"wp:term":[{"taxonomy":"category","embeddable":true,"href":"https:\/\/www.miguelfaccio.com.br\/blog\/index.php\/wp-json\/wp\/v2\/categories?post=20089"},{"taxonomy":"post_tag","embeddable":true,"href":"https:\/\/www.miguelfaccio.com.br\/blog\/index.php\/wp-json\/wp\/v2\/tags?post=20089"}],"curies":[{"name":"wp","href":"https:\/\/api.w.org\/{rel}","templated":true}]}}