{"id":20087,"date":"2025-10-28T08:11:53","date_gmt":"2025-10-28T11:11:53","guid":{"rendered":"https:\/\/www.miguelfaccio.com.br\/blog\/?p=20087"},"modified":"2025-10-28T08:11:56","modified_gmt":"2025-10-28T11:11:56","slug":"rcd4207-raios-ou-chamas","status":"publish","type":"post","link":"https:\/\/www.miguelfaccio.com.br\/blog\/index.php\/rcd4207-raios-ou-chamas\/","title":{"rendered":"RCD4207 Raios ou Chamas"},"content":{"rendered":"\n<p class=\"has-text-align-right\"><strong>MENSAGENS DE JAV\u00e9<\/strong><\/p>\n\n\n\n<p>Nova mensagem&nbsp; marcio 22 outubro 2025 \u00e0(s) 10:37<\/p>\n\n\n\n<p>O apelo que fa\u00e7o hoje \u00e9 para que se mantenham calmos e equilibrados.<\/p>\n\n\n\n<p>A portinhola pela qual passo estas informa\u00e7\u00f5es \u00e9 pequena e sofre interfer\u00eancia de irm\u00e3os menos respons\u00e1veis e descompromissados na causa do cristo.<\/p>\n\n\n\n<p>O homem tem se multiplicado de forma descontrolada, oito bilh\u00f5es de seres humanos comendo carne de ruminantes causa uma emiss\u00e3o de g\u00e1s metano acima do permitido e tolerado por voc\u00eas.<\/p>\n\n\n\n<p>Uma mol\u00e9cula de metano por um milh\u00e3o de mol\u00e9cula de ar j\u00e1 \u00e9 o suficiente para causar loucura nos c\u00e9rebros mam\u00edferos.<\/p>\n\n\n\n<p>Ent\u00e3o tenho eu, Jav\u00e9 que fazer algo por voc\u00eas.<\/p>\n\n\n\n<p>Planejo a muito tempo levar um tanto de voc\u00eas para viver em quarta dimens\u00e3o.<\/p>\n\n\n\n<p>A quarta dimens\u00e3o inteira \u00e9 considerada o umbral da Terra, sendo dividido em tr\u00eas partes, Umbral pesado, umbral m\u00e9dio e umbral superior.<\/p>\n\n\n\n<p>A grande maioria de voc\u00eas quando morrem v\u00e3o para o umbral superior.<\/p>\n\n\n\n<p>Ficam l\u00e1 temporariamente at\u00e9 decidirem se v\u00e3o para outros planetas ou se encarnam novamente na Terra.<\/p>\n\n\n\n<p>O que tenho verificado \u00e9 que poderiam ser felizes vivendo em quarta dimens\u00e3o nos umbrais da Terra.<\/p>\n\n\n\n<p>Deixariam a superf\u00edcie da Terra para os animais, vegetais e minerais viverem.<\/p>\n\n\n\n<p>A Terra voltaria a ser um zool\u00f3gico para visita\u00e7\u00e3o.<\/p>\n\n\n\n<p>A Terra voltaria a ter equil\u00edbrio ap\u00f3s uma limpeza.<\/p>\n\n\n\n<p>Carregar\u00edamos um tanto deste lixo at\u00f4mico para o espa\u00e7o.<\/p>\n\n\n\n<p>Fechar\u00edamos as usinas nucleares e levar\u00edamos embora as contamina\u00e7\u00f5es.<\/p>\n\n\n\n<p>Senhor Jav\u00e9, como seria a vida em quarta dimens\u00e3o?<\/p>\n\n\n\n<p>Comeriam alimentos sintetizados com sabores parecidos ao da Terra.<\/p>\n\n\n\n<p>Beberiam agua ou refrigerantes sem \u00e1lcool.<\/p>\n\n\n\n<p>Viveriam vida a dois com corpos muito parecidos aos da Terra.<\/p>\n\n\n\n<p>Senhor Jav\u00e9, o carma continua?<\/p>\n\n\n\n<p>Continua, mas n\u00e3o teriam mais como pecar a todo momento.<\/p>\n\n\n\n<p>Em quarta dimens\u00e3o existem praias, natureza?<\/p>\n\n\n\n<p>Sim, seriam voc\u00eas vivendo como vivem hoje, mas sem contato com tudo que existe aqui na Terra.<\/p>\n\n\n\n<p>J\u00e1 existem almas sendo felizes em quarta dimens\u00e3o?<\/p>\n\n\n\n<p>Sim, j\u00e1 existem almas que vivem apenas observando a vida terrena em quarta dimens\u00e3o.<\/p>\n\n\n\n<p>Ent\u00e3o vamos ter os cinco sentidos, mas n\u00e3o sentiremos o tato?<\/p>\n\n\n\n<p>V\u00e3o sentir sim, apenas que n\u00e3o conseguir\u00e3o mudar algo de lugar, hoje voc\u00eas sentem as pedras mas n\u00e3o conseguem mover as pedras grandes com suas m\u00e3os.<\/p>\n\n\n\n<p>Entendo.<\/p>\n\n\n\n<p>Haver\u00e1 doen\u00e7as? Somente as doen\u00e7as mentais.<\/p>\n\n\n\n<p>Haver\u00e1 injusti\u00e7as? Somente as sentimentais.<\/p>\n\n\n\n<p>Haver\u00e1 pessoas do mal? Sim mas n\u00e3o conseguir\u00e3o fazer mal f\u00edsico a voc\u00eas, apenas mal mental.<\/p>\n\n\n\n<p>Haver\u00e1 dinheiro ou moeda de troca? Para que se tudo estar\u00e1 \u00e0 disposi\u00e7\u00e3o.<\/p>\n\n\n\n<p>Se tudo est\u00e1 \u00e0 disposi\u00e7\u00e3o n\u00e3o haver\u00e1 evolu\u00e7\u00e3o? Voc\u00ea evoluir\u00e1 em contato com superiores.<\/p>\n\n\n\n<p>Compreendo e acho que seremos mais felizes.<\/p>\n\n\n\n<p>Obrigado pelas informa\u00e7\u00f5es.<\/p>\n\n\n\n<p>Sempre que puder virei passar alguma informa\u00e7\u00e3o para voc\u00eas.<\/p>\n\n\n\n<p>Fiquem na paz<\/p>\n\n\n\n<p>JAV\u00e9<\/p>\n","protected":false},"excerpt":{"rendered":"<p>MENSAGENS DE JAV\u00e9 Nova mensagem&nbsp; marcio 22 outubro 2025 \u00e0(s) 10:37 O apelo que fa\u00e7o hoje \u00e9 para que se mantenham calmos e equilibrados. A portinhola pela qual passo estas informa\u00e7\u00f5es \u00e9 pequena e sofre interfer\u00eancia de irm\u00e3os menos respons\u00e1veis e descompromissados na causa do cristo. O homem tem se multiplicado de forma descontrolada, oito [&hellip;]<\/p>\n","protected":false},"author":1,"featured_media":0,"comment_status":"open","ping_status":"open","sticky":false,"template":"","format":"standard","meta":{"_mi_skip_tracking":false},"categories":[3],"tags":[],"_links":{"self":[{"href":"https:\/\/www.miguelfaccio.com.br\/blog\/index.php\/wp-json\/wp\/v2\/posts\/20087"}],"collection":[{"href":"https:\/\/www.miguelfaccio.com.br\/blog\/index.php\/wp-json\/wp\/v2\/posts"}],"about":[{"href":"https:\/\/www.miguelfaccio.com.br\/blog\/index.php\/wp-json\/wp\/v2\/types\/post"}],"author":[{"embeddable":true,"href":"https:\/\/www.miguelfaccio.com.br\/blog\/index.php\/wp-json\/wp\/v2\/users\/1"}],"replies":[{"embeddable":true,"href":"https:\/\/www.miguelfaccio.com.br\/blog\/index.php\/wp-json\/wp\/v2\/comments?post=20087"}],"version-history":[{"count":1,"href":"https:\/\/www.miguelfaccio.com.br\/blog\/index.php\/wp-json\/wp\/v2\/posts\/20087\/revisions"}],"predecessor-version":[{"id":20088,"href":"https:\/\/www.miguelfaccio.com.br\/blog\/index.php\/wp-json\/wp\/v2\/posts\/20087\/revisions\/20088"}],"wp:attachment":[{"href":"https:\/\/www.miguelfaccio.com.br\/blog\/index.php\/wp-json\/wp\/v2\/media?parent=20087"}],"wp:term":[{"taxonomy":"category","embeddable":true,"href":"https:\/\/www.miguelfaccio.com.br\/blog\/index.php\/wp-json\/wp\/v2\/categories?post=20087"},{"taxonomy":"post_tag","embeddable":true,"href":"https:\/\/www.miguelfaccio.com.br\/blog\/index.php\/wp-json\/wp\/v2\/tags?post=20087"}],"curies":[{"name":"wp","href":"https:\/\/api.w.org\/{rel}","templated":true}]}}