{"id":20085,"date":"2025-10-28T08:09:32","date_gmt":"2025-10-28T11:09:32","guid":{"rendered":"https:\/\/www.miguelfaccio.com.br\/blog\/?p=20085"},"modified":"2025-10-28T08:09:34","modified_gmt":"2025-10-28T11:09:34","slug":"plv4380-livro-28-diario-18-05-2023","status":"publish","type":"post","link":"https:\/\/www.miguelfaccio.com.br\/blog\/index.php\/plv4380-livro-28-diario-18-05-2023\/","title":{"rendered":"PLV4380 \u2013 Livro 28 \u2013 Di\u00e1rio, 18\/05\/2023"},"content":{"rendered":"\n<p class=\"has-text-align-right\"><strong>18\/05\/2023<\/strong><\/p>\n\n\n\n<p>A coloca\u00e7\u00e3o do esp\u00edrito, habitando um corpo f\u00edsico, sempre \u00e9 posto em um planeta com as mesmas caracter\u00edsticas evolutivas suas. \u00c9 claro, que h\u00e1 situa\u00e7\u00f5es de resgate do esp\u00edrito. Os esp\u00edritos mais evolu\u00eddos quando reencarnam o fazem com o objetivo de auxiliar a evolu\u00e7\u00e3o dos esp\u00edritos habitantes do planeta. A grande maioria da popula\u00e7\u00e3o est\u00e1 inserida na mesma dimens\u00e3o evolutiva do planeta. Conforme informa\u00e7\u00f5es recebidas quando da Terapia Hol\u00edstica, h\u00e1 26 dimens\u00f5es evolutivas no universo. Nesta gama evolutiva, o planeta Terra est\u00e1 agora entrando na quinta dimens\u00e3o. Em toda sua hist\u00f3ria, passou pela primeira, segunda e est\u00e1 agora saindo da terceira dimens\u00e3o. Cada dimens\u00e3o tem suas caracter\u00edsticas evolutivas, e, propriamente at\u00e9 a quinta dimens\u00e3o s\u00e3o separadas e uma n\u00e3o consegue ser vis\u00edvel \u00e0 outra, \u00e0 menos para videntes muito bem-dotados. Apenas um exemplo que, talvez, possa ajudar a entender essa diferencia\u00e7\u00e3o evolutiva: sob onde caminhas, todos os dias ou at\u00e9 debaixo de tua casa h\u00e1 uma pepita enorme de ouro, tu n\u00e3o a v\u00eas, mas ela existe e est\u00e1 l\u00e1. Se tiveres uma vid\u00eancia muito boa, poderias at\u00e9 v\u00ea-la. Comparativamente \u00e9 o que acontece com as evolu\u00e7\u00f5es. Est\u00e3o separadas n\u00e3o por terra, mas por uma energia que a nossa vis\u00e3o n\u00e3o consegue perceber. Podes ver o planeta, mas n\u00e3o ver\u00e1s os seus habitantes. \u00c9 por isso que n\u00e3o podemos ver os ETs, a menos que eles o queiram mostrar-se. Eles vivem em uma energia que nossa vis\u00e3o e m\u00e1quinas n\u00e3o conseguem ver. Podem estar ao meu lado, ao teu lado. Podem estar onde queiram.<\/p>\n","protected":false},"excerpt":{"rendered":"<p>18\/05\/2023 A coloca\u00e7\u00e3o do esp\u00edrito, habitando um corpo f\u00edsico, sempre \u00e9 posto em um planeta com as mesmas caracter\u00edsticas evolutivas suas. \u00c9 claro, que h\u00e1 situa\u00e7\u00f5es de resgate do esp\u00edrito. Os esp\u00edritos mais evolu\u00eddos quando reencarnam o fazem com o objetivo de auxiliar a evolu\u00e7\u00e3o dos esp\u00edritos habitantes do planeta. A grande maioria da popula\u00e7\u00e3o [&hellip;]<\/p>\n","protected":false},"author":1,"featured_media":0,"comment_status":"open","ping_status":"open","sticky":false,"template":"","format":"standard","meta":{"_mi_skip_tracking":false},"categories":[34],"tags":[],"_links":{"self":[{"href":"https:\/\/www.miguelfaccio.com.br\/blog\/index.php\/wp-json\/wp\/v2\/posts\/20085"}],"collection":[{"href":"https:\/\/www.miguelfaccio.com.br\/blog\/index.php\/wp-json\/wp\/v2\/posts"}],"about":[{"href":"https:\/\/www.miguelfaccio.com.br\/blog\/index.php\/wp-json\/wp\/v2\/types\/post"}],"author":[{"embeddable":true,"href":"https:\/\/www.miguelfaccio.com.br\/blog\/index.php\/wp-json\/wp\/v2\/users\/1"}],"replies":[{"embeddable":true,"href":"https:\/\/www.miguelfaccio.com.br\/blog\/index.php\/wp-json\/wp\/v2\/comments?post=20085"}],"version-history":[{"count":1,"href":"https:\/\/www.miguelfaccio.com.br\/blog\/index.php\/wp-json\/wp\/v2\/posts\/20085\/revisions"}],"predecessor-version":[{"id":20086,"href":"https:\/\/www.miguelfaccio.com.br\/blog\/index.php\/wp-json\/wp\/v2\/posts\/20085\/revisions\/20086"}],"wp:attachment":[{"href":"https:\/\/www.miguelfaccio.com.br\/blog\/index.php\/wp-json\/wp\/v2\/media?parent=20085"}],"wp:term":[{"taxonomy":"category","embeddable":true,"href":"https:\/\/www.miguelfaccio.com.br\/blog\/index.php\/wp-json\/wp\/v2\/categories?post=20085"},{"taxonomy":"post_tag","embeddable":true,"href":"https:\/\/www.miguelfaccio.com.br\/blog\/index.php\/wp-json\/wp\/v2\/tags?post=20085"}],"curies":[{"name":"wp","href":"https:\/\/api.w.org\/{rel}","templated":true}]}}