{"id":20080,"date":"2025-10-27T07:46:24","date_gmt":"2025-10-27T10:46:24","guid":{"rendered":"https:\/\/www.miguelfaccio.com.br\/blog\/?p=20080"},"modified":"2025-10-27T07:46:26","modified_gmt":"2025-10-27T10:46:26","slug":"plv4379-livro-28-diario-17-05-2023","status":"publish","type":"post","link":"https:\/\/www.miguelfaccio.com.br\/blog\/index.php\/plv4379-livro-28-diario-17-05-2023\/","title":{"rendered":"PLV4379 \u2013 Livro 28 \u2013 Di\u00e1rio, 17\/05\/2023"},"content":{"rendered":"\n<p class=\"has-text-align-right\"><strong>17\/05\/2023<\/strong><\/p>\n\n\n\n<p>N\u00e3o conseguimos, ainda, dar o verdadeiro sentido para a vida. Aquilo que se expressa na natureza de qualquer ser, n\u00e3o \u00e9, em realidade, a vida, \u00e9 apenas uma consequ\u00eancia. A vida tem outra origem, ela \u00e9 ess\u00eancia do ser criador que permanece pela eternidade, e dentro da eternidade vai crescendo, vai evoluindo, vai tornar-se um foco de luz para assim alcan\u00e7ar sua ascens\u00e3o. Se formos examinar a vida que a ci\u00eancia dos homens assim chama, veremos que ela \u00e9 de curta dura\u00e7\u00e3o, para alguns, contada em meses, para outros em anos. Poucas s\u00e3o as que se pode contar em s\u00e9culos. Esses seres que s\u00e3o a consequ\u00eancia da vida, s\u00e3o mantidos, se estabelecem mediante a energia, quando da flora, pelos elementais que zelam para em cada primavera tudo se renove, como diz Saint Germain. Quando pertencente aos seres humanos, sua origem est\u00e1 na ess\u00eancia ou esp\u00edrito que o cria, mediante projeto estabelecido pelo Concelho C\u00e1rmico, para estabelecer a estrada evolutiva do esp\u00edrito, na busca de seu objetivo que \u00e9 a ascens\u00e3o, a mestria. Em s\u00edntese, tudo tem um suporte que \u00e9 a ess\u00eancia Divina que est\u00e1 em tudo, e tudo \u00e9 Deus em a\u00e7\u00e3o. Deus agindo em suas criaturas, estabelecendo assim a harmonia universal que \u00e9 criada e mantida pela eternidade.<\/p>\n","protected":false},"excerpt":{"rendered":"<p>17\/05\/2023 N\u00e3o conseguimos, ainda, dar o verdadeiro sentido para a vida. Aquilo que se expressa na natureza de qualquer ser, n\u00e3o \u00e9, em realidade, a vida, \u00e9 apenas uma consequ\u00eancia. A vida tem outra origem, ela \u00e9 ess\u00eancia do ser criador que permanece pela eternidade, e dentro da eternidade vai crescendo, vai evoluindo, vai tornar-se [&hellip;]<\/p>\n","protected":false},"author":1,"featured_media":0,"comment_status":"open","ping_status":"open","sticky":false,"template":"","format":"standard","meta":{"_mi_skip_tracking":false},"categories":[34],"tags":[],"_links":{"self":[{"href":"https:\/\/www.miguelfaccio.com.br\/blog\/index.php\/wp-json\/wp\/v2\/posts\/20080"}],"collection":[{"href":"https:\/\/www.miguelfaccio.com.br\/blog\/index.php\/wp-json\/wp\/v2\/posts"}],"about":[{"href":"https:\/\/www.miguelfaccio.com.br\/blog\/index.php\/wp-json\/wp\/v2\/types\/post"}],"author":[{"embeddable":true,"href":"https:\/\/www.miguelfaccio.com.br\/blog\/index.php\/wp-json\/wp\/v2\/users\/1"}],"replies":[{"embeddable":true,"href":"https:\/\/www.miguelfaccio.com.br\/blog\/index.php\/wp-json\/wp\/v2\/comments?post=20080"}],"version-history":[{"count":1,"href":"https:\/\/www.miguelfaccio.com.br\/blog\/index.php\/wp-json\/wp\/v2\/posts\/20080\/revisions"}],"predecessor-version":[{"id":20081,"href":"https:\/\/www.miguelfaccio.com.br\/blog\/index.php\/wp-json\/wp\/v2\/posts\/20080\/revisions\/20081"}],"wp:attachment":[{"href":"https:\/\/www.miguelfaccio.com.br\/blog\/index.php\/wp-json\/wp\/v2\/media?parent=20080"}],"wp:term":[{"taxonomy":"category","embeddable":true,"href":"https:\/\/www.miguelfaccio.com.br\/blog\/index.php\/wp-json\/wp\/v2\/categories?post=20080"},{"taxonomy":"post_tag","embeddable":true,"href":"https:\/\/www.miguelfaccio.com.br\/blog\/index.php\/wp-json\/wp\/v2\/tags?post=20080"}],"curies":[{"name":"wp","href":"https:\/\/api.w.org\/{rel}","templated":true}]}}