{"id":20078,"date":"2025-10-26T07:51:08","date_gmt":"2025-10-26T10:51:08","guid":{"rendered":"https:\/\/www.miguelfaccio.com.br\/blog\/?p=20078"},"modified":"2025-10-26T07:51:09","modified_gmt":"2025-10-26T10:51:09","slug":"rcd4205-raios-ou-chamas","status":"publish","type":"post","link":"https:\/\/www.miguelfaccio.com.br\/blog\/index.php\/rcd4205-raios-ou-chamas\/","title":{"rendered":"RCD4205 Raios ou Chamas"},"content":{"rendered":"\n<p class=\"has-text-align-right\"><strong>KRYON <br>Atrav\u00e9s de Lee Carroll<\/strong><\/p>\n\n\n\n<p>O CRIADOR CONHECE SEU NOME<\/p>\n\n\n\n<p>continua\u00e7\u00e3o<\/p>\n\n\n\n<p>E eu disse ao meu parceiro que agora \u00e9 hora de mostrar isso. Mostrar isso a uma popula\u00e7\u00e3o que est\u00e1 come\u00e7ando a torcer as m\u00e3os e dizer: \u201cO que h\u00e1 de errado com o planeta?\u201d, pensando que talvez o planeta esteja realmente condenado se seguir na mesma dire\u00e7\u00e3o.<\/p>\n\n\n\n<p>E eu digo mais uma vez: o que eu disse repetidamente a voc\u00eas, com o mais profundo amor, \u00e9 que voc\u00eas vieram aqui para sobreviver a isso. Voc\u00eas vieram aqui para demonstrar sabedoria e compaix\u00e3o durante o circo.<\/p>\n\n\n\n<p>Voc\u00eas s\u00e3o aqueles que t\u00eam a capacidade de olhar para isso e ver o que \u00e9 e seguir em frente, em vez de ent\u00e3o absorver essa energia e se entregar ao medo, como tantos outros que fazem a mesma coisa.<\/p>\n\n\n\n<p>\u00c9 a\u00ed que voc\u00eas se destacam. E n\u00f3s lhes demos essa informa\u00e7\u00e3o h\u00e1 tanto tempo, mas este seria o momento em que a mudan\u00e7a ocorreria. Mas nessa mudan\u00e7a, haveria uma batalha, uma verdadeira batalha de consci\u00eancia. Voc\u00eas podem cham\u00e1-la de luz e escurid\u00e3o, se quiserem. Realmente n\u00e3o \u00e9. \u00c9 velha e nova.<\/p>\n\n\n\n<p>A consci\u00eancia mais antiga deste planeta, que voc\u00eas tiveram por eras e eras, come\u00e7ou a mudar um pouco, mas agora est\u00e1 come\u00e7ando a acelerar, e as coisas que a far\u00e3o acelerar s\u00e3o as disfun\u00e7\u00f5es que s\u00e3o vistas. Isso vai desencadear tanta coisa que as pessoas dir\u00e3o: \u201cN\u00f3s realmente queremos isso? \u00c9 para isso que nos inscrevemos?\u201d E ent\u00e3o haver\u00e1 alguns jovens que levantar\u00e3o a m\u00e3o e dir\u00e3o: \u201cBem, n\u00f3s temos algumas ideias\u201d.<\/p>\n\n\n\n<p>Comece a procurar por isso \u2013 uma lideran\u00e7a mais jovem que parece ser mais velha em sabedoria do que a sua idade. E \u00e9 isso que voc\u00ea est\u00e1 come\u00e7ando a ver agora nestes podcasts, em alguns deles que est\u00e3o come\u00e7ando a fazer barulho e atraindo centenas de milhares de outros jovens que os observam, e eles est\u00e3o ensinando compaix\u00e3o, a possibilidade de vidas passadas, onde a gentileza entra.<\/p>\n\n\n\n<p>Todas as coisas que consideramos elementos de maestria aparecem nesses ensinamentos, e nenhum deles est\u00e1 ensinando uma doutrina, nenhum deles. Eles est\u00e3o ensinando amor, porque \u00e9 assim que funciona. Voc\u00ea n\u00e3o precisa colocar o amor em caixas e impor regras para que ele funcione.<\/p>\n\n\n\n<p>Ent\u00e3o, estou aqui para dizer que n\u00e3o h\u00e1 apenas esperan\u00e7a, mas que a luz est\u00e1 come\u00e7ando a se mostrar por toda parte, s\u00f3 que n\u00e3o est\u00e1 sendo mostrada na m\u00eddia.<\/p>\n\n\n\n<p>O \u00fanico lugar onde ela come\u00e7a a brilhar \u00e9 nesses jovens que est\u00e3o se tornando cada vez mais populares. Voc\u00ea j\u00e1 viu isso nos notici\u00e1rios? E a resposta \u00e9 n\u00e3o. H\u00e1 raz\u00f5es para isso. Faz parte dessa luta entre a velha e a nova consci\u00eancia neste planeta que est\u00e1 chegando.<\/p>\n\n\n\n<p>E voc\u00eas s\u00e3o como os far\u00f3is, pode-se dizer, porque passaram pelas guerras. Passaram pelos piores momentos da Terra, e aqui est\u00e3o voc\u00eas, tendo voltado com uma postura mais s\u00e1bia, pode-se dizer, para que, quando seus amigos estiverem chateados, quiserem reclamar e estiverem torcendo as m\u00e3os, voc\u00eas possam se levantar e dizer: \u201c\u00c9 s\u00f3 o circo. O circo est\u00e1 na cidade, e vai fazer as malas e ir embora como sempre faz.\u201d<\/p>\n\n\n\n<p>Mas o que permanece \u00e9 uma nova consci\u00eancia de cuidado e compaix\u00e3o que n\u00e3o desaparece. Essas s\u00e3o as coisas \u00e0s quais as pessoas se apegam hoje e que realmente s\u00e3o o consolo de seus cora\u00e7\u00f5es.<\/p>\n\n\n\n<p>continua<\/p>\n","protected":false},"excerpt":{"rendered":"<p>KRYON Atrav\u00e9s de Lee Carroll O CRIADOR CONHECE SEU NOME continua\u00e7\u00e3o E eu disse ao meu parceiro que agora \u00e9 hora de mostrar isso. Mostrar isso a uma popula\u00e7\u00e3o que est\u00e1 come\u00e7ando a torcer as m\u00e3os e dizer: \u201cO que h\u00e1 de errado com o planeta?\u201d, pensando que talvez o planeta esteja realmente condenado se [&hellip;]<\/p>\n","protected":false},"author":1,"featured_media":0,"comment_status":"open","ping_status":"open","sticky":false,"template":"","format":"standard","meta":{"_mi_skip_tracking":false},"categories":[3],"tags":[],"_links":{"self":[{"href":"https:\/\/www.miguelfaccio.com.br\/blog\/index.php\/wp-json\/wp\/v2\/posts\/20078"}],"collection":[{"href":"https:\/\/www.miguelfaccio.com.br\/blog\/index.php\/wp-json\/wp\/v2\/posts"}],"about":[{"href":"https:\/\/www.miguelfaccio.com.br\/blog\/index.php\/wp-json\/wp\/v2\/types\/post"}],"author":[{"embeddable":true,"href":"https:\/\/www.miguelfaccio.com.br\/blog\/index.php\/wp-json\/wp\/v2\/users\/1"}],"replies":[{"embeddable":true,"href":"https:\/\/www.miguelfaccio.com.br\/blog\/index.php\/wp-json\/wp\/v2\/comments?post=20078"}],"version-history":[{"count":1,"href":"https:\/\/www.miguelfaccio.com.br\/blog\/index.php\/wp-json\/wp\/v2\/posts\/20078\/revisions"}],"predecessor-version":[{"id":20079,"href":"https:\/\/www.miguelfaccio.com.br\/blog\/index.php\/wp-json\/wp\/v2\/posts\/20078\/revisions\/20079"}],"wp:attachment":[{"href":"https:\/\/www.miguelfaccio.com.br\/blog\/index.php\/wp-json\/wp\/v2\/media?parent=20078"}],"wp:term":[{"taxonomy":"category","embeddable":true,"href":"https:\/\/www.miguelfaccio.com.br\/blog\/index.php\/wp-json\/wp\/v2\/categories?post=20078"},{"taxonomy":"post_tag","embeddable":true,"href":"https:\/\/www.miguelfaccio.com.br\/blog\/index.php\/wp-json\/wp\/v2\/tags?post=20078"}],"curies":[{"name":"wp","href":"https:\/\/api.w.org\/{rel}","templated":true}]}}