{"id":20076,"date":"2025-10-26T07:49:05","date_gmt":"2025-10-26T10:49:05","guid":{"rendered":"https:\/\/www.miguelfaccio.com.br\/blog\/?p=20076"},"modified":"2025-10-26T07:49:10","modified_gmt":"2025-10-26T10:49:10","slug":"plv4378-livro-28-diario-16-05-2023","status":"publish","type":"post","link":"https:\/\/www.miguelfaccio.com.br\/blog\/index.php\/plv4378-livro-28-diario-16-05-2023\/","title":{"rendered":"PLV4378 \u2013 Livro 28 \u2013 Di\u00e1rio, 16\/05\/2023"},"content":{"rendered":"\n<p class=\"has-text-align-right\"><strong>16\/05\/2023<\/strong><\/p>\n\n\n\n<p>Onde estamos e como estamos sempre foi uma escolha nossa, do nosso esp\u00edrito. Esse nossa, quando estamos imersos no corpo f\u00edsico, tamb\u00e9m faz parte do nossa. Isso porque o corpo \u00e9 apenas um instrumento do esp\u00edrito. Este corpo \u201csou eu\u201d esse esp\u00edrito tamb\u00e9m \u201csou eu\u201d, assim formam a dualidade que \u00e9 necess\u00e1ria ao esp\u00edrito experienciar os conhecimentos na mat\u00e9ria. Pode haver, mas \u00e9 raro, em que o Concelho C\u00e1rmico resolva fazer em um esp\u00edrito altamente rebelde, uma encarna\u00e7\u00e3o compuls\u00f3ria. Enquanto ainda estiver em evolu\u00e7\u00e3o, isto \u00e9, n\u00e3o ter alcan\u00e7ado a ascens\u00e3o, normalmente o esp\u00edrito \u00e9 chamado ao Concelho C\u00e1rmico e l\u00e1 lhe \u00e9 elaborado um projeto evolutivo para o per\u00edodo em que estiver encarnado, inclusive, com altera\u00e7\u00f5es no DNA para, no momento exato, eclodir determinado resgate. O esp\u00edrito n\u00e3o teria condi\u00e7\u00f5es de resgatar todo o seu carma em um \u00fanico instante. Por isso, j\u00e1 est\u00e3o escalonados os resgates no decorrer da vida do corpo, assim lhe \u00e9 mais f\u00e1cil, especialmente ao corpo, em n\u00e3o sentir demasiadamente a carga que dever\u00e1 ser resgatada. O corpo precisa de orienta\u00e7\u00f5es e reconhecimento de sua participa\u00e7\u00e3o naquilo que \u00e9 resgate de seu esp\u00edrito, portanto dele, pois est\u00e1 \u00e0 servi\u00e7o de si mesmo, embora seja apenas um instrumento. O corpo e o esp\u00edrito formam uma unidade, mesmo sendo uma dualidade, que somente a morte pode separar. Propriamente, d\u00e1 para dizer que a partir da cria\u00e7\u00e3o, tudo precisou do querer e op\u00e7\u00e3o do pr\u00f3prio esp\u00edrito.<\/p>\n","protected":false},"excerpt":{"rendered":"<p>16\/05\/2023 Onde estamos e como estamos sempre foi uma escolha nossa, do nosso esp\u00edrito. Esse nossa, quando estamos imersos no corpo f\u00edsico, tamb\u00e9m faz parte do nossa. Isso porque o corpo \u00e9 apenas um instrumento do esp\u00edrito. Este corpo \u201csou eu\u201d esse esp\u00edrito tamb\u00e9m \u201csou eu\u201d, assim formam a dualidade que \u00e9 necess\u00e1ria ao esp\u00edrito [&hellip;]<\/p>\n","protected":false},"author":1,"featured_media":0,"comment_status":"open","ping_status":"open","sticky":false,"template":"","format":"standard","meta":{"_mi_skip_tracking":false},"categories":[34],"tags":[],"_links":{"self":[{"href":"https:\/\/www.miguelfaccio.com.br\/blog\/index.php\/wp-json\/wp\/v2\/posts\/20076"}],"collection":[{"href":"https:\/\/www.miguelfaccio.com.br\/blog\/index.php\/wp-json\/wp\/v2\/posts"}],"about":[{"href":"https:\/\/www.miguelfaccio.com.br\/blog\/index.php\/wp-json\/wp\/v2\/types\/post"}],"author":[{"embeddable":true,"href":"https:\/\/www.miguelfaccio.com.br\/blog\/index.php\/wp-json\/wp\/v2\/users\/1"}],"replies":[{"embeddable":true,"href":"https:\/\/www.miguelfaccio.com.br\/blog\/index.php\/wp-json\/wp\/v2\/comments?post=20076"}],"version-history":[{"count":1,"href":"https:\/\/www.miguelfaccio.com.br\/blog\/index.php\/wp-json\/wp\/v2\/posts\/20076\/revisions"}],"predecessor-version":[{"id":20077,"href":"https:\/\/www.miguelfaccio.com.br\/blog\/index.php\/wp-json\/wp\/v2\/posts\/20076\/revisions\/20077"}],"wp:attachment":[{"href":"https:\/\/www.miguelfaccio.com.br\/blog\/index.php\/wp-json\/wp\/v2\/media?parent=20076"}],"wp:term":[{"taxonomy":"category","embeddable":true,"href":"https:\/\/www.miguelfaccio.com.br\/blog\/index.php\/wp-json\/wp\/v2\/categories?post=20076"},{"taxonomy":"post_tag","embeddable":true,"href":"https:\/\/www.miguelfaccio.com.br\/blog\/index.php\/wp-json\/wp\/v2\/tags?post=20076"}],"curies":[{"name":"wp","href":"https:\/\/api.w.org\/{rel}","templated":true}]}}