{"id":20072,"date":"2025-10-25T08:55:19","date_gmt":"2025-10-25T11:55:19","guid":{"rendered":"https:\/\/www.miguelfaccio.com.br\/blog\/?p=20072"},"modified":"2025-10-25T08:55:21","modified_gmt":"2025-10-25T11:55:21","slug":"plv4377-livro-28-diario-15-05-2023","status":"publish","type":"post","link":"https:\/\/www.miguelfaccio.com.br\/blog\/index.php\/plv4377-livro-28-diario-15-05-2023\/","title":{"rendered":"PLV4377 \u2013 Livro 28 \u2013 Di\u00e1rio, 15\/05\/2023"},"content":{"rendered":"\n<p class=\"has-text-align-right\"><strong>15\/05\/2023<\/strong><\/p>\n\n\n\n<p>O dom\u00ednio do pensamento \u00e9 a fonte do poder. Simples de entender. O pensamento \u00e9 o poder criador, embora poucos seres humanos se d\u00e3o contas dessa grande realidade, mas ele \u00e9 a fonte criadora de tudo o que nos diz a respeito. Quando chega a hora de ressarcir as cria\u00e7\u00f5es desordenadas, ent\u00e3o culpa a Deus pelo que tem que resgatar, julgam-se n\u00e3o merecedores das pedras e espinhos que encontrar em seu caminho. Todos sabem que Deus \u00e9 justo, s\u00e1bio e bom, por isso, a origem de teus problemas n\u00e3o \u00e9 provinda dele. O acaso tamb\u00e9m n\u00e3o existe. Por isso, tudo o que acontece \u00e9 resultado da cria\u00e7\u00e3o dos corpos anteriores de teu esp\u00edrito. \u00c9 claro que teu corpo n\u00e3o poder\u00e1 saber dessas coisas, a menos que j\u00e1 as tenha estudado, pelo simples fato de que teu corpo, em seu consciente, tudo o que l\u00e1 existe teve que passar pelos seus sentidos. Se n\u00e3o houve essa experiencia\u00e7\u00e3o n\u00e3o ter\u00e1 dela conhecimento, a menos que ou\u00e7as a intui\u00e7\u00e3o e tenha a evolu\u00e7\u00e3o suficiente para receber, pelo pensamento, esses conhecimentos. Todo o pensamento ou intui\u00e7\u00e3o que se receber de seu pr\u00f3prio esp\u00edrito ou de outro esp\u00edrito, no momento em que processares em tua mente, j\u00e1 se acopla tamb\u00e9m o teu consciente, fazendo parte de teus conhecimentos. Quando reencenar um esp\u00edrito j\u00e1 evolu\u00eddo, seu corpo, desde o primeiro instante de vida, j\u00e1 come\u00e7a a receber informa\u00e7\u00f5es que ao nascer j\u00e1 tem a propens\u00e3o, propriamente j\u00e1 est\u00e1 em seu consciente, por isso, j\u00e1 na tenra a idade demonstra a que veio ao planeta.<\/p>\n","protected":false},"excerpt":{"rendered":"<p>15\/05\/2023 O dom\u00ednio do pensamento \u00e9 a fonte do poder. Simples de entender. O pensamento \u00e9 o poder criador, embora poucos seres humanos se d\u00e3o contas dessa grande realidade, mas ele \u00e9 a fonte criadora de tudo o que nos diz a respeito. Quando chega a hora de ressarcir as cria\u00e7\u00f5es desordenadas, ent\u00e3o culpa a [&hellip;]<\/p>\n","protected":false},"author":1,"featured_media":0,"comment_status":"open","ping_status":"open","sticky":false,"template":"","format":"standard","meta":{"_mi_skip_tracking":false},"categories":[34],"tags":[],"_links":{"self":[{"href":"https:\/\/www.miguelfaccio.com.br\/blog\/index.php\/wp-json\/wp\/v2\/posts\/20072"}],"collection":[{"href":"https:\/\/www.miguelfaccio.com.br\/blog\/index.php\/wp-json\/wp\/v2\/posts"}],"about":[{"href":"https:\/\/www.miguelfaccio.com.br\/blog\/index.php\/wp-json\/wp\/v2\/types\/post"}],"author":[{"embeddable":true,"href":"https:\/\/www.miguelfaccio.com.br\/blog\/index.php\/wp-json\/wp\/v2\/users\/1"}],"replies":[{"embeddable":true,"href":"https:\/\/www.miguelfaccio.com.br\/blog\/index.php\/wp-json\/wp\/v2\/comments?post=20072"}],"version-history":[{"count":1,"href":"https:\/\/www.miguelfaccio.com.br\/blog\/index.php\/wp-json\/wp\/v2\/posts\/20072\/revisions"}],"predecessor-version":[{"id":20073,"href":"https:\/\/www.miguelfaccio.com.br\/blog\/index.php\/wp-json\/wp\/v2\/posts\/20072\/revisions\/20073"}],"wp:attachment":[{"href":"https:\/\/www.miguelfaccio.com.br\/blog\/index.php\/wp-json\/wp\/v2\/media?parent=20072"}],"wp:term":[{"taxonomy":"category","embeddable":true,"href":"https:\/\/www.miguelfaccio.com.br\/blog\/index.php\/wp-json\/wp\/v2\/categories?post=20072"},{"taxonomy":"post_tag","embeddable":true,"href":"https:\/\/www.miguelfaccio.com.br\/blog\/index.php\/wp-json\/wp\/v2\/tags?post=20072"}],"curies":[{"name":"wp","href":"https:\/\/api.w.org\/{rel}","templated":true}]}}