{"id":20063,"date":"2025-10-24T07:48:20","date_gmt":"2025-10-24T10:48:20","guid":{"rendered":"https:\/\/www.miguelfaccio.com.br\/blog\/?p=20063"},"modified":"2025-10-24T07:48:22","modified_gmt":"2025-10-24T10:48:22","slug":"plv4376-livro-28-diario-14-05-2023","status":"publish","type":"post","link":"https:\/\/www.miguelfaccio.com.br\/blog\/index.php\/plv4376-livro-28-diario-14-05-2023\/","title":{"rendered":"PLV4376 \u2013 Livro 28 \u2013 Di\u00e1rio, 14\/05\/2023"},"content":{"rendered":"\n<p class=\"has-text-align-right\"><strong>14\/05\/2023<\/strong><\/p>\n\n\n\n<p>Hoje comemora-se o dia das m\u00e3es, daquela que cedeu seu corpo para que pudesse mais um esp\u00edrito utilizar a mat\u00e9ria para evoluir. \u00c9 um gesto de muito prazer, mas traz consigo, d\u00e1 para dizer, a maior responsabilidade sobre a Terra. \u00c9 um misto de prazer, alegria, paz, responsabilidade, dedica\u00e7\u00e3o e doa\u00e7\u00e3o. Nada pode-se comparar com essa proeza, esse dom dado somente as mulheres, que precisam virarem-se pelo avesso para bem desempenharem esse papel, essa incumb\u00eancia Divina. Hoje pedimos ao Pai, ao universo, a todas as energias do cosmos para que se unam \u00e0s pequenas gratid\u00f5es dos filhos para com suas m\u00e3es, que possam passar a seus amamentados, junto com seu leite, a luz Divina, para que al\u00e9m do corpo seja alimentado tamb\u00e9m o esp\u00edrito. N\u00e3o podemos deixar de lembrar, nesta data, a m\u00e3e de Jesus, aquele que veio trazer a paz e harmonia e o conhecimento para os homens, e, desta forma torna-se tamb\u00e9m a m\u00e3e de toda a humanidade, ao menos, espiritualmente falando. Maria, m\u00e3e de todos e intercessora junto a seu filho Jesus. Seu papel para a humanidade foi o mais sublime que algu\u00e9m poderia ter. Carregar durante 9 meses, em seu ventre, amament\u00e1-lo durante o tempo necess\u00e1rio, cuidar de sua inf\u00e2ncia, foi, sem sombras de d\u00favidas, o \u00e1pice da felicidade que qualquer mulher poderia ter. A ti, Virgem Maria, a m\u00e3e de Jesus, pedimos por todas as m\u00e3es deste planeta, encubra-as com teu manto e derrama o conhecimento para que as atuais m\u00e3es saibam bem educar os seus filhos.<\/p>\n","protected":false},"excerpt":{"rendered":"<p>14\/05\/2023 Hoje comemora-se o dia das m\u00e3es, daquela que cedeu seu corpo para que pudesse mais um esp\u00edrito utilizar a mat\u00e9ria para evoluir. \u00c9 um gesto de muito prazer, mas traz consigo, d\u00e1 para dizer, a maior responsabilidade sobre a Terra. \u00c9 um misto de prazer, alegria, paz, responsabilidade, dedica\u00e7\u00e3o e doa\u00e7\u00e3o. Nada pode-se comparar [&hellip;]<\/p>\n","protected":false},"author":1,"featured_media":0,"comment_status":"open","ping_status":"open","sticky":false,"template":"","format":"standard","meta":{"_mi_skip_tracking":false},"categories":[34],"tags":[],"_links":{"self":[{"href":"https:\/\/www.miguelfaccio.com.br\/blog\/index.php\/wp-json\/wp\/v2\/posts\/20063"}],"collection":[{"href":"https:\/\/www.miguelfaccio.com.br\/blog\/index.php\/wp-json\/wp\/v2\/posts"}],"about":[{"href":"https:\/\/www.miguelfaccio.com.br\/blog\/index.php\/wp-json\/wp\/v2\/types\/post"}],"author":[{"embeddable":true,"href":"https:\/\/www.miguelfaccio.com.br\/blog\/index.php\/wp-json\/wp\/v2\/users\/1"}],"replies":[{"embeddable":true,"href":"https:\/\/www.miguelfaccio.com.br\/blog\/index.php\/wp-json\/wp\/v2\/comments?post=20063"}],"version-history":[{"count":1,"href":"https:\/\/www.miguelfaccio.com.br\/blog\/index.php\/wp-json\/wp\/v2\/posts\/20063\/revisions"}],"predecessor-version":[{"id":20064,"href":"https:\/\/www.miguelfaccio.com.br\/blog\/index.php\/wp-json\/wp\/v2\/posts\/20063\/revisions\/20064"}],"wp:attachment":[{"href":"https:\/\/www.miguelfaccio.com.br\/blog\/index.php\/wp-json\/wp\/v2\/media?parent=20063"}],"wp:term":[{"taxonomy":"category","embeddable":true,"href":"https:\/\/www.miguelfaccio.com.br\/blog\/index.php\/wp-json\/wp\/v2\/categories?post=20063"},{"taxonomy":"post_tag","embeddable":true,"href":"https:\/\/www.miguelfaccio.com.br\/blog\/index.php\/wp-json\/wp\/v2\/tags?post=20063"}],"curies":[{"name":"wp","href":"https:\/\/api.w.org\/{rel}","templated":true}]}}