{"id":20061,"date":"2025-10-23T08:07:09","date_gmt":"2025-10-23T11:07:09","guid":{"rendered":"https:\/\/www.miguelfaccio.com.br\/blog\/?p=20061"},"modified":"2025-10-23T08:07:12","modified_gmt":"2025-10-23T11:07:12","slug":"rcd4202-raios-ou-chamas","status":"publish","type":"post","link":"https:\/\/www.miguelfaccio.com.br\/blog\/index.php\/rcd4202-raios-ou-chamas\/","title":{"rendered":"RCD4202 Raios ou Chamas"},"content":{"rendered":"\n<p class=\"has-text-align-right\"><strong>Os Criadores <br>Canalizado por Daniel Scranton<\/strong><\/p>\n\n\n\n<p>UM CONVITE DOS CRIADORES<\/p>\n\n\n\n<p>15 de outubro de 2025<\/p>\n\n\n\n<p>N\u00f3s Somos Os Criadores.<\/p>\n\n\n\n<p>Somos um coletivo de seres n\u00e3o f\u00edsicos da 12\u00aa dimens\u00e3o e estamos aqui para ajudar.<\/p>\n\n\n\n<p>Viemos a voc\u00eas neste momento como ajudantes, guias, professores, mas em outros momentos, viemos a voc\u00eas como energia pura, energia que voc\u00eas podem usar para cocriar.<\/p>\n\n\n\n<p>Desejamos fazer mais parte de suas cria\u00e7\u00f5es e, \u00e0s vezes, o auxiliamos com um pensamento inspirado, uma ideia, um impulso. N\u00e3o viemos a voc\u00ea apenas por meio deste canal espec\u00edfico com palavras de sabedoria para compartilhar. Viemos a voc\u00ea de diversas maneiras e n\u00e3o estamos sozinhos.<\/p>\n\n\n\n<p>H\u00e1 tantas pessoas nos reinos n\u00e3o f\u00edsicos trabalhando com voc\u00ea e atrav\u00e9s de voc\u00ea, e quando voc\u00ea percebe que tem uma fonte de poder externa dispon\u00edvel, \u00e9 claro que voc\u00ea tem mais chances de acess\u00e1-la.<\/p>\n\n\n\n<p>Ent\u00e3o, hoje, convidamos voc\u00ea a lembrar que todos n\u00f3s estamos dispon\u00edveis como seus cocriadores. Voc\u00ea n\u00e3o est\u00e1 sozinho em nada disso, e nunca esteve. Voc\u00ea conseguiu se dar a sensa\u00e7\u00e3o, ou a impress\u00e3o, de que est\u00e1 sozinho, mas isso n\u00e3o significa que isso seja verdade.<\/p>\n\n\n\n<p>E agora que voc\u00ea sabe que tem ajudantes, por favor, sintonize-se. Invoque-nos. Permita-nos cocriar com voc\u00ea a vers\u00e3o da sua realidade que voc\u00ea gostaria de vivenciar. Tamb\u00e9m estamos interessados \u200b\u200bnessa realidade.<\/p>\n\n\n\n<p>Somos cocriativos por natureza. Somos um coletivo. Oferecemos a voc\u00ea o componente ou o recurso natural que voc\u00ea n\u00e3o tem dispon\u00edvel no f\u00edsico. Oferecemos n\u00e3o apenas a energia n\u00e3o f\u00edsica, mas tamb\u00e9m os pensamentos, as inspira\u00e7\u00f5es, as ideias e assim por diante.<\/p>\n\n\n\n<p>Ent\u00e3o, quando voc\u00ea n\u00e3o souber o que fazer ou o que criar em seguida, lembre-se de que pode simplesmente relaxar, abrir-se e deixar entrar essa energia n\u00e3o f\u00edsica, essa consci\u00eancia, esse coletivo que est\u00e1 aqui para voc\u00ea o tempo todo.<\/p>\n\n\n\n<p>Podemos n\u00e3o falar atrav\u00e9s de voc\u00ea da mesma forma que falamos atrav\u00e9s do Daniel aqui, e isso n\u00e3o ter\u00e1 problema. Ser\u00e1 como precisa ser para qualquer um que n\u00e3o fale por n\u00f3s, mas voc\u00ea n\u00e3o precisa pensar em n\u00f3s apenas como professores com um escopo limitado no que podemos lhe oferecer.<\/p>\n\n\n\n<p>Apresentamo-nos a voc\u00eas desta forma para que saibam que t\u00eam ajudantes inumer\u00e1veis, al\u00e9m da sua imagina\u00e7\u00e3o, e que temos especialidades diferentes. Gostamos de criar. E sabemos que a sua perspectiva sobre o que precisa ser criado no f\u00edsico \u00e9 um componente muito importante para n\u00f3s, no n\u00e3o f\u00edsico, que n\u00e3o vivemos exatamente o que voc\u00eas vivem. E assim, voc\u00eas nos ajudam enquanto n\u00f3s os ajudamos.<\/p>\n\n\n\n<p>~ N\u00f3s Somos Os Criadores e os amamos muito<\/p>\n\n\n\n<p>Formata\u00e7\u00e3o e tradu\u00e7\u00e3o \u2013 Blog De Cora\u00e7\u00e3o a Cora\u00e7\u00e3o<\/p>\n\n\n\n<figure class=\"wp-block-embed\"><div class=\"wp-block-embed__wrapper\">\nhttp:\/\/www.decoracaoacoracao.blog.br\/\n<\/div><\/figure>\n\n\n\n<figure class=\"wp-block-embed\"><div class=\"wp-block-embed__wrapper\">\nhttp:\/\/stelalecocq.blogspot.com\n<\/div><\/figure>\n\n\n\n<figure class=\"wp-block-embed\"><div class=\"wp-block-embed__wrapper\">\nhttps:\/\/lecocq.wordpress.com\n<\/div><\/figure>\n\n\n\n<p>Instagram \u2013 @blogdecoracaoacoracao<\/p>\n\n\n\n<p>Informa\u00e7\u00f5es e Agendamentos para Mesa Qu\u00e2ntica Estelar, Mesa Pet, Mesa Qu\u00e2ntica 2.0, Florais de Bach, Sistema Regenerador Ashtariano, Sistema Arcturiano de Cura Multidimensional \u2013 lecocqmuller@gmail.com<\/p>\n\n\n\n<p>E-book \u201cMensagens dos Mestres \u2013 De Cora\u00e7\u00e3o a Cora\u00e7\u00e3o\u201d \u2013 https:\/\/mensagensdosmestres.blogspot.com\/<\/p>\n\n\n\n<figure class=\"wp-block-embed\"><div class=\"wp-block-embed__wrapper\">\nhttps:\/\/danielscranton.com\/\n<\/div><\/figure>\n\n\n\n<p>Respeite todos os cr\u00e9ditos ao compartilhar<\/p>\n\n\n\n<p>LUZ!<\/p>\n\n\n\n<p>STELA<\/p>\n","protected":false},"excerpt":{"rendered":"<p>Os Criadores Canalizado por Daniel Scranton UM CONVITE DOS CRIADORES 15 de outubro de 2025 N\u00f3s Somos Os Criadores. Somos um coletivo de seres n\u00e3o f\u00edsicos da 12\u00aa dimens\u00e3o e estamos aqui para ajudar. Viemos a voc\u00eas neste momento como ajudantes, guias, professores, mas em outros momentos, viemos a voc\u00eas como energia pura, energia que [&hellip;]<\/p>\n","protected":false},"author":1,"featured_media":0,"comment_status":"open","ping_status":"open","sticky":false,"template":"","format":"standard","meta":{"_mi_skip_tracking":false},"categories":[3],"tags":[],"_links":{"self":[{"href":"https:\/\/www.miguelfaccio.com.br\/blog\/index.php\/wp-json\/wp\/v2\/posts\/20061"}],"collection":[{"href":"https:\/\/www.miguelfaccio.com.br\/blog\/index.php\/wp-json\/wp\/v2\/posts"}],"about":[{"href":"https:\/\/www.miguelfaccio.com.br\/blog\/index.php\/wp-json\/wp\/v2\/types\/post"}],"author":[{"embeddable":true,"href":"https:\/\/www.miguelfaccio.com.br\/blog\/index.php\/wp-json\/wp\/v2\/users\/1"}],"replies":[{"embeddable":true,"href":"https:\/\/www.miguelfaccio.com.br\/blog\/index.php\/wp-json\/wp\/v2\/comments?post=20061"}],"version-history":[{"count":1,"href":"https:\/\/www.miguelfaccio.com.br\/blog\/index.php\/wp-json\/wp\/v2\/posts\/20061\/revisions"}],"predecessor-version":[{"id":20062,"href":"https:\/\/www.miguelfaccio.com.br\/blog\/index.php\/wp-json\/wp\/v2\/posts\/20061\/revisions\/20062"}],"wp:attachment":[{"href":"https:\/\/www.miguelfaccio.com.br\/blog\/index.php\/wp-json\/wp\/v2\/media?parent=20061"}],"wp:term":[{"taxonomy":"category","embeddable":true,"href":"https:\/\/www.miguelfaccio.com.br\/blog\/index.php\/wp-json\/wp\/v2\/categories?post=20061"},{"taxonomy":"post_tag","embeddable":true,"href":"https:\/\/www.miguelfaccio.com.br\/blog\/index.php\/wp-json\/wp\/v2\/tags?post=20061"}],"curies":[{"name":"wp","href":"https:\/\/api.w.org\/{rel}","templated":true}]}}