{"id":20059,"date":"2025-10-23T08:03:43","date_gmt":"2025-10-23T11:03:43","guid":{"rendered":"https:\/\/www.miguelfaccio.com.br\/blog\/?p=20059"},"modified":"2025-10-23T08:03:45","modified_gmt":"2025-10-23T11:03:45","slug":"plv4375-livro-28-diario-13-05-2023","status":"publish","type":"post","link":"https:\/\/www.miguelfaccio.com.br\/blog\/index.php\/plv4375-livro-28-diario-13-05-2023\/","title":{"rendered":"PLV4375 \u2013 Livro 28 \u2013 Di\u00e1rio, 13\/05\/2023"},"content":{"rendered":"\n<p class=\"has-text-align-right\"><strong>13\/05\/2023<\/strong><\/p>\n\n\n\n<p>A vida nos apresenta tanto a estrada que devemos percorrer como a carga que precisamos carregar. Tudo isso depende de cada individualidade ou \u00e9 sua consequ\u00eancia. Temos, tanto ao ensino do Cristo, como na ci\u00eancia dos homens, a explica\u00e7\u00e3o dessa realidade, um tanto velada, mas intelig\u00edvel para aqueles que est\u00e3o \u00e1vidos de entender tanto a vida como a sua carga. A grande dificuldade de as ci\u00eancias dos homens entenderem essas realidades, est\u00e1 na cabe\u00e7a dos cientistas, dos que estudam e zelam pela ci\u00eancia. Seus par\u00e2metros n\u00e3o alcan\u00e7am aquilo que est\u00e1 atr\u00e1s da mat\u00e9ria, a energia que estabelece a exist\u00eancia do \u00e1tomo \u00e0s gal\u00e1xias. Eles se at\u00eam exclusivamente na parte f\u00edsica, palp\u00e1vel, mensur\u00e1vel, vis\u00edvel, algumas vezes n\u00e3o, mas que possam ser alcan\u00e7adas pelos seus instrumentos e s\u00f3 afetam a mat\u00e9ria. Isso \u00e9 apenas parte, ou melhor, a menor parte do que existe. \u00c9 preciso aprofundar, abrir o consciente e o entendimento para o segundo elemento que comp\u00f5em a mat\u00e9ria. Esse segundo elemento \u00e9 a energia, e esta, \u00e9 provinda do Deus Uno Pai\/M\u00e3e, que \u00e9 o mantenedor do universo. No momento em que os seres humanos entenderem essa realidade universal ter\u00e3o encontrado o caminho para sua evolu\u00e7\u00e3o espiritual e a solu\u00e7\u00e3o de todos os seus problemas.<\/p>\n","protected":false},"excerpt":{"rendered":"<p>13\/05\/2023 A vida nos apresenta tanto a estrada que devemos percorrer como a carga que precisamos carregar. Tudo isso depende de cada individualidade ou \u00e9 sua consequ\u00eancia. Temos, tanto ao ensino do Cristo, como na ci\u00eancia dos homens, a explica\u00e7\u00e3o dessa realidade, um tanto velada, mas intelig\u00edvel para aqueles que est\u00e3o \u00e1vidos de entender tanto [&hellip;]<\/p>\n","protected":false},"author":1,"featured_media":0,"comment_status":"open","ping_status":"open","sticky":false,"template":"","format":"standard","meta":{"_mi_skip_tracking":false},"categories":[34],"tags":[],"_links":{"self":[{"href":"https:\/\/www.miguelfaccio.com.br\/blog\/index.php\/wp-json\/wp\/v2\/posts\/20059"}],"collection":[{"href":"https:\/\/www.miguelfaccio.com.br\/blog\/index.php\/wp-json\/wp\/v2\/posts"}],"about":[{"href":"https:\/\/www.miguelfaccio.com.br\/blog\/index.php\/wp-json\/wp\/v2\/types\/post"}],"author":[{"embeddable":true,"href":"https:\/\/www.miguelfaccio.com.br\/blog\/index.php\/wp-json\/wp\/v2\/users\/1"}],"replies":[{"embeddable":true,"href":"https:\/\/www.miguelfaccio.com.br\/blog\/index.php\/wp-json\/wp\/v2\/comments?post=20059"}],"version-history":[{"count":1,"href":"https:\/\/www.miguelfaccio.com.br\/blog\/index.php\/wp-json\/wp\/v2\/posts\/20059\/revisions"}],"predecessor-version":[{"id":20060,"href":"https:\/\/www.miguelfaccio.com.br\/blog\/index.php\/wp-json\/wp\/v2\/posts\/20059\/revisions\/20060"}],"wp:attachment":[{"href":"https:\/\/www.miguelfaccio.com.br\/blog\/index.php\/wp-json\/wp\/v2\/media?parent=20059"}],"wp:term":[{"taxonomy":"category","embeddable":true,"href":"https:\/\/www.miguelfaccio.com.br\/blog\/index.php\/wp-json\/wp\/v2\/categories?post=20059"},{"taxonomy":"post_tag","embeddable":true,"href":"https:\/\/www.miguelfaccio.com.br\/blog\/index.php\/wp-json\/wp\/v2\/tags?post=20059"}],"curies":[{"name":"wp","href":"https:\/\/api.w.org\/{rel}","templated":true}]}}