{"id":20053,"date":"2025-10-22T08:07:05","date_gmt":"2025-10-22T11:07:05","guid":{"rendered":"https:\/\/www.miguelfaccio.com.br\/blog\/?p=20053"},"modified":"2025-10-22T08:07:07","modified_gmt":"2025-10-22T11:07:07","slug":"plv4374-livro-28-diario-12-05-2023","status":"publish","type":"post","link":"https:\/\/www.miguelfaccio.com.br\/blog\/index.php\/plv4374-livro-28-diario-12-05-2023\/","title":{"rendered":"PLV4374 \u2013 Livro 28 \u2013 Di\u00e1rio, 12\/05\/2023"},"content":{"rendered":"\n<p class=\"has-text-align-right\"><strong>12\/05\/2023<\/strong><\/p>\n\n\n\n<p>Se formos analisar friamente a humanidade de uma cidade, n\u00e3o precisa ser de todo o planeta, porque \u00e9 parte de um todo. Analisando pessoa por pessoa, tudo o que pode se referir a ela, partindo da constitui\u00e7\u00e3o f\u00edsica, conhecimentos, facilidades e dificuldades, racioc\u00ednio r\u00e1pido ou lento, capacidade de compreens\u00e3o, rea\u00e7\u00e3o de cada sentido, sua aceita\u00e7\u00e3o de uma energia que a comanda, l\u00f3gica na sua disserta\u00e7\u00e3o e mais alguns itens, veremos que n\u00e3o h\u00e1 dois seres com as mesmas condi\u00e7\u00f5es. Se para essa an\u00e1lise fosse dada uma nota de 5 a 10, teremos centenas de pessoas classificadas com a mesma nota, mesmo assim, n\u00e3o plenamente homog\u00eaneas. Sabemos que o corpo reproduz a evolu\u00e7\u00e3o do esp\u00edrito. Dizendo de outra forma, o corpo, \u00e9 como que, a imagem do esp\u00edrito refletida num espelho. N\u00e3o absolutamente, mas isso mostra a diferencia\u00e7\u00e3o existente nos humanos daquela cidade, n\u00e3o s\u00f3 em seus corpos, mas tamb\u00e9m em seus esp\u00edritos. Isso pode nos levar \u00e0 uma conclus\u00e3o, que eu diria absoluta, embora sem comprova\u00e7\u00e3o, de que como os corpos t\u00eam vida curta e o esp\u00edrito tem vida eterna, os esp\u00edritos tem idades, conhecimentos, e viv\u00eancias diferentes, que at\u00e9 d\u00e1 para deduzir em bilh\u00f5es de anos, s\u00f3 Deus o sabe. Se o princ\u00edpio da vida \u00e9 diferente, o conhecimento e viv\u00eancias diferentes, isso interfere tamb\u00e9m na situa\u00e7\u00e3o do corpo que criar\u00e3o para poderem manipular a mat\u00e9ria e assim experienciar os conhecimentos, que \u00e9 a base da evolu\u00e7\u00e3o. Esse corpo apresentar\u00e1 a situa\u00e7\u00e3o do esp\u00edrito ou a necessidade dele naquele momento de sua evolu\u00e7\u00e3o.<\/p>\n","protected":false},"excerpt":{"rendered":"<p>12\/05\/2023 Se formos analisar friamente a humanidade de uma cidade, n\u00e3o precisa ser de todo o planeta, porque \u00e9 parte de um todo. Analisando pessoa por pessoa, tudo o que pode se referir a ela, partindo da constitui\u00e7\u00e3o f\u00edsica, conhecimentos, facilidades e dificuldades, racioc\u00ednio r\u00e1pido ou lento, capacidade de compreens\u00e3o, rea\u00e7\u00e3o de cada sentido, sua [&hellip;]<\/p>\n","protected":false},"author":1,"featured_media":0,"comment_status":"open","ping_status":"open","sticky":false,"template":"","format":"standard","meta":{"_mi_skip_tracking":false},"categories":[34],"tags":[],"_links":{"self":[{"href":"https:\/\/www.miguelfaccio.com.br\/blog\/index.php\/wp-json\/wp\/v2\/posts\/20053"}],"collection":[{"href":"https:\/\/www.miguelfaccio.com.br\/blog\/index.php\/wp-json\/wp\/v2\/posts"}],"about":[{"href":"https:\/\/www.miguelfaccio.com.br\/blog\/index.php\/wp-json\/wp\/v2\/types\/post"}],"author":[{"embeddable":true,"href":"https:\/\/www.miguelfaccio.com.br\/blog\/index.php\/wp-json\/wp\/v2\/users\/1"}],"replies":[{"embeddable":true,"href":"https:\/\/www.miguelfaccio.com.br\/blog\/index.php\/wp-json\/wp\/v2\/comments?post=20053"}],"version-history":[{"count":1,"href":"https:\/\/www.miguelfaccio.com.br\/blog\/index.php\/wp-json\/wp\/v2\/posts\/20053\/revisions"}],"predecessor-version":[{"id":20054,"href":"https:\/\/www.miguelfaccio.com.br\/blog\/index.php\/wp-json\/wp\/v2\/posts\/20053\/revisions\/20054"}],"wp:attachment":[{"href":"https:\/\/www.miguelfaccio.com.br\/blog\/index.php\/wp-json\/wp\/v2\/media?parent=20053"}],"wp:term":[{"taxonomy":"category","embeddable":true,"href":"https:\/\/www.miguelfaccio.com.br\/blog\/index.php\/wp-json\/wp\/v2\/categories?post=20053"},{"taxonomy":"post_tag","embeddable":true,"href":"https:\/\/www.miguelfaccio.com.br\/blog\/index.php\/wp-json\/wp\/v2\/tags?post=20053"}],"curies":[{"name":"wp","href":"https:\/\/api.w.org\/{rel}","templated":true}]}}