{"id":20049,"date":"2025-10-21T09:44:51","date_gmt":"2025-10-21T12:44:51","guid":{"rendered":"https:\/\/www.miguelfaccio.com.br\/blog\/?p=20049"},"modified":"2025-10-21T09:44:53","modified_gmt":"2025-10-21T12:44:53","slug":"plv4373-livro-28-diario-11-05-2023","status":"publish","type":"post","link":"https:\/\/www.miguelfaccio.com.br\/blog\/index.php\/plv4373-livro-28-diario-11-05-2023\/","title":{"rendered":"PLV4373 \u2013 Livro 28 \u2013 Di\u00e1rio, 11\/05\/2023"},"content":{"rendered":"\n<p class=\"has-text-align-right\"><strong>11\/05\/2023<\/strong><\/p>\n\n\n\n<p>Todo o caminho precisa ser desbravado, tal como nossas rodovias. Precisa ter um objetivo, um rumo, este j\u00e1 recebemos ao sermos criados. Depois, aplaina-se o solo, deixando-o plano, s\u00f3 depois pode ser asfaltada. \u00c9 uma compara\u00e7\u00e3o um tanto simpl\u00f3ria, mas que pode nos ajudar a entender nosso caminho, o caminho que nos leva para a evolu\u00e7\u00e3o espiritual, a mestria. Iniciamos nossa exist\u00eancia na plena simplicidade e ignor\u00e2ncia, tal como a rodovia. O objetivo, a meta a ser alcan\u00e7ada j\u00e1 recebemos do Deus Uno ao nos criar, \u201ccrescei e multiplicai-vos\u201d crescer em evolu\u00e7\u00e3o \u00e9 multiplicar os conhecimentos. Estes s\u00e3o os par\u00e2metros que balizam nossa caminhada. Muito tempo vivemos, na primeira dimens\u00e3o tateando o melhor rumo para chegar ao objetivo. Muito tempo, tamb\u00e9m vivemos na segunda dimens\u00e3o, j\u00e1 iniciando o projeto de constru\u00e7\u00e3o do caminho. Quando pronto, ent\u00e3o na terceira dimens\u00e3o come\u00e7ou a ser aberto. Neste momento j\u00e1 com uma condi\u00e7\u00e3o maior, o criar e o ressarcir, come\u00e7ou o caminho a ser aplainado. Mas assim como retirava empecilhos, o nosso poder criador punha outros. Assim como aplainava, surgiam novas pedras que ele mesmo havia criado, e tinha, dessa forma, que refazer o trabalho. Isso levou muito tempo tamb\u00e9m, at\u00e9 o momento em que entendeu que estava criando seus pr\u00f3prios problemas, e n\u00e3o somente isso, mas, de certa forma, sua vida futura seria afetada pelos seus atos presentes. Sua consci\u00eancia o incitava a mudar seus pensamentos para n\u00e3o o sobrecarregar de mais pedras e espinhos.<\/p>\n","protected":false},"excerpt":{"rendered":"<p>11\/05\/2023 Todo o caminho precisa ser desbravado, tal como nossas rodovias. Precisa ter um objetivo, um rumo, este j\u00e1 recebemos ao sermos criados. Depois, aplaina-se o solo, deixando-o plano, s\u00f3 depois pode ser asfaltada. \u00c9 uma compara\u00e7\u00e3o um tanto simpl\u00f3ria, mas que pode nos ajudar a entender nosso caminho, o caminho que nos leva para [&hellip;]<\/p>\n","protected":false},"author":1,"featured_media":0,"comment_status":"open","ping_status":"open","sticky":false,"template":"","format":"standard","meta":{"_mi_skip_tracking":false},"categories":[34],"tags":[],"_links":{"self":[{"href":"https:\/\/www.miguelfaccio.com.br\/blog\/index.php\/wp-json\/wp\/v2\/posts\/20049"}],"collection":[{"href":"https:\/\/www.miguelfaccio.com.br\/blog\/index.php\/wp-json\/wp\/v2\/posts"}],"about":[{"href":"https:\/\/www.miguelfaccio.com.br\/blog\/index.php\/wp-json\/wp\/v2\/types\/post"}],"author":[{"embeddable":true,"href":"https:\/\/www.miguelfaccio.com.br\/blog\/index.php\/wp-json\/wp\/v2\/users\/1"}],"replies":[{"embeddable":true,"href":"https:\/\/www.miguelfaccio.com.br\/blog\/index.php\/wp-json\/wp\/v2\/comments?post=20049"}],"version-history":[{"count":1,"href":"https:\/\/www.miguelfaccio.com.br\/blog\/index.php\/wp-json\/wp\/v2\/posts\/20049\/revisions"}],"predecessor-version":[{"id":20050,"href":"https:\/\/www.miguelfaccio.com.br\/blog\/index.php\/wp-json\/wp\/v2\/posts\/20049\/revisions\/20050"}],"wp:attachment":[{"href":"https:\/\/www.miguelfaccio.com.br\/blog\/index.php\/wp-json\/wp\/v2\/media?parent=20049"}],"wp:term":[{"taxonomy":"category","embeddable":true,"href":"https:\/\/www.miguelfaccio.com.br\/blog\/index.php\/wp-json\/wp\/v2\/categories?post=20049"},{"taxonomy":"post_tag","embeddable":true,"href":"https:\/\/www.miguelfaccio.com.br\/blog\/index.php\/wp-json\/wp\/v2\/tags?post=20049"}],"curies":[{"name":"wp","href":"https:\/\/api.w.org\/{rel}","templated":true}]}}