{"id":20047,"date":"2025-10-20T09:42:29","date_gmt":"2025-10-20T12:42:29","guid":{"rendered":"https:\/\/www.miguelfaccio.com.br\/blog\/?p=20047"},"modified":"2025-10-20T09:42:33","modified_gmt":"2025-10-20T12:42:33","slug":"rcd4199-raios-ou-chamas","status":"publish","type":"post","link":"https:\/\/www.miguelfaccio.com.br\/blog\/index.php\/rcd4199-raios-ou-chamas\/","title":{"rendered":"RCD4199 Raios ou Chamas"},"content":{"rendered":"\n<p class=\"has-text-align-right\"><strong>Mensagem de M\u00e3e Maria <br>13 de outubro de 2025<\/strong><\/p>\n\n\n\n<p>HOJE EU VOS FALO DE COMPAIX\u00c3O!<\/p>\n\n\n\n<p>continua\u00e7\u00e3o<\/p>\n\n\n\n<p>N\u00e3o existe amor onde a compaix\u00e3o n\u00e3o veio \u00e0 tona, onde o sentimento ego\u00edsta prevalece soberano, onde a falsa sensa\u00e7\u00e3o de separa\u00e7\u00e3o vos leva a ignorar as necessidades do outro e as necessidades do mundo que escolhestes como morada.<\/p>\n\n\n\n<p>S\u00f3 um corpo integrado com todas as partes pode se abastecer do que lhe falta e doar o que nele \u00e9 excesso.<\/p>\n\n\n\n<p>A humanidade \u00e9 um s\u00f3 corpo que precisa de compreens\u00e3o de suas partes para resgatar o equil\u00edbrio e seguir em frente.<\/p>\n\n\n\n<p>Nenhuma de suas partes pode sobreviver e ser saud\u00e1vel sem a ajuda das outras partes.<\/p>\n\n\n\n<p>Compreendei isto, amados, para que possais, como parte da humanidade, desse corpo que precisa ser homog\u00eaneo, receber e compartilhar, ofertando pela via da compaix\u00e3o amorosa o que tendes em excesso, e recebendo com gratid\u00e3o o que necessitais para suprirdes vossas faltas.<\/p>\n\n\n\n<p>Este \u00e9 o caminho, esta \u00e9 a f\u00f3rmula m\u00e1gica que vos d\u00e1 acesso ao mundo que est\u00e1 se revelando para aqueles que buscam o mundo da verdade, onde o ser humano retorna totalmente transformado eis que substituiu o ego\u00edsmo pela compaix\u00e3o e a indiferen\u00e7a pelo amor.<\/p>\n\n\n\n<p>Sa\u00edstes do mundo da verdade para o mundo da ilus\u00e3o com o prop\u00f3sito de reaprender a expressar o amor pelo despertar da compaix\u00e3o.<\/p>\n\n\n\n<p>Este \u00e9 o tempo de concluirdes vosso prop\u00f3sito.<\/p>\n\n\n\n<p>As portas do verdadeiro mundo est\u00e3o abertas para receber de volta aqueles que compreenderam a exist\u00eancia da unidade, que congrega todas as formas de vida, e sa\u00edram do pequeno mundo ego\u00edsta em que se abrigavam para abrir os bra\u00e7os, estender as m\u00e3os e compartilhar tudo com todos, eis que perceberam que s\u00f3 essa atitude leva a reden\u00e7\u00e3o.<\/p>\n\n\n\n<p>Bem-amados, o mundo necessita de compaix\u00e3o, e todos v\u00f3s que j\u00e1 compreendem esta verdade podem ser os l\u00edderes que demonstram com seus atos o verdadeiro sentido do viver.<\/p>\n\n\n\n<p>Que vossas ora\u00e7\u00f5es sejam o combust\u00edvel para alimentar essa verdade, e que vossos exemplos tornem mais f\u00e1cil o caminho de vossos irm\u00e3os.<\/p>\n\n\n\n<p>Bem-amados, Eu vos deixo agora derramando sobre todos v\u00f3s as minhas b\u00ean\u00e7\u00e3os e envolvendo a todos no meu manto de prote\u00e7\u00e3o.<\/p>\n\n\n\n<p>~ Eu Sou Maria, Vossa M\u00e3e<\/p>\n\n\n\n<p>Formata\u00e7\u00e3o \u2013 Blog De Cora\u00e7\u00e3o a Cora\u00e7\u00e3o<\/p>\n\n\n\n<figure class=\"wp-block-embed\"><div class=\"wp-block-embed__wrapper\">\nhttp:\/\/www.decoracaoacoracao.blog.br\/\n<\/div><\/figure>\n\n\n\n<figure class=\"wp-block-embed\"><div class=\"wp-block-embed__wrapper\">\nhttp:\/\/stelalecocq.blogspot.com\n<\/div><\/figure>\n\n\n\n<figure class=\"wp-block-embed\"><div class=\"wp-block-embed__wrapper\">\nhttps:\/\/lecocq.wordpress.com\n<\/div><\/figure>\n\n\n\n<p>Instagram \u2013 @blogdecoracaoacoracao<\/p>\n\n\n\n<p>Informa\u00e7\u00f5es e Agendamentos para Mesa Qu\u00e2ntica Estelar, Mesa Pet, Mesa Qu\u00e2ntica 2.0, Florais de Bach, Sistema Regenerador Ashtariano, Sistema Arcturiano de Cura Multidimensional \u2013 lecocqmuller@gmail.com<\/p>\n\n\n\n<p>E-book \u201cMensagens dos Mestres \u2013 De Cora\u00e7\u00e3o a Cora\u00e7\u00e3o\u201d \u2013 https:\/\/mensagensdosmestres.blogspot.com\/<\/p>\n\n\n\n<figure class=\"wp-block-embed\"><div class=\"wp-block-embed__wrapper\">\nhttps:\/\/bit.ly\/mensagensmaemaria\n<\/div><\/figure>\n\n\n\n<p>Respeite todos os cr\u00e9ditos ao compartilhar<\/p>\n\n\n\n<p>LUZ!<\/p>\n\n\n\n<p>STELA<\/p>\n","protected":false},"excerpt":{"rendered":"<p>Mensagem de M\u00e3e Maria 13 de outubro de 2025 HOJE EU VOS FALO DE COMPAIX\u00c3O! continua\u00e7\u00e3o N\u00e3o existe amor onde a compaix\u00e3o n\u00e3o veio \u00e0 tona, onde o sentimento ego\u00edsta prevalece soberano, onde a falsa sensa\u00e7\u00e3o de separa\u00e7\u00e3o vos leva a ignorar as necessidades do outro e as necessidades do mundo que escolhestes como morada. [&hellip;]<\/p>\n","protected":false},"author":1,"featured_media":0,"comment_status":"open","ping_status":"open","sticky":false,"template":"","format":"standard","meta":{"_mi_skip_tracking":false},"categories":[3],"tags":[],"_links":{"self":[{"href":"https:\/\/www.miguelfaccio.com.br\/blog\/index.php\/wp-json\/wp\/v2\/posts\/20047"}],"collection":[{"href":"https:\/\/www.miguelfaccio.com.br\/blog\/index.php\/wp-json\/wp\/v2\/posts"}],"about":[{"href":"https:\/\/www.miguelfaccio.com.br\/blog\/index.php\/wp-json\/wp\/v2\/types\/post"}],"author":[{"embeddable":true,"href":"https:\/\/www.miguelfaccio.com.br\/blog\/index.php\/wp-json\/wp\/v2\/users\/1"}],"replies":[{"embeddable":true,"href":"https:\/\/www.miguelfaccio.com.br\/blog\/index.php\/wp-json\/wp\/v2\/comments?post=20047"}],"version-history":[{"count":1,"href":"https:\/\/www.miguelfaccio.com.br\/blog\/index.php\/wp-json\/wp\/v2\/posts\/20047\/revisions"}],"predecessor-version":[{"id":20048,"href":"https:\/\/www.miguelfaccio.com.br\/blog\/index.php\/wp-json\/wp\/v2\/posts\/20047\/revisions\/20048"}],"wp:attachment":[{"href":"https:\/\/www.miguelfaccio.com.br\/blog\/index.php\/wp-json\/wp\/v2\/media?parent=20047"}],"wp:term":[{"taxonomy":"category","embeddable":true,"href":"https:\/\/www.miguelfaccio.com.br\/blog\/index.php\/wp-json\/wp\/v2\/categories?post=20047"},{"taxonomy":"post_tag","embeddable":true,"href":"https:\/\/www.miguelfaccio.com.br\/blog\/index.php\/wp-json\/wp\/v2\/tags?post=20047"}],"curies":[{"name":"wp","href":"https:\/\/api.w.org\/{rel}","templated":true}]}}