{"id":20045,"date":"2025-10-20T09:40:35","date_gmt":"2025-10-20T12:40:35","guid":{"rendered":"https:\/\/www.miguelfaccio.com.br\/blog\/?p=20045"},"modified":"2025-10-20T09:40:37","modified_gmt":"2025-10-20T12:40:37","slug":"plv4372-livro-28-diario-10-05-2023","status":"publish","type":"post","link":"https:\/\/www.miguelfaccio.com.br\/blog\/index.php\/plv4372-livro-28-diario-10-05-2023\/","title":{"rendered":"PLV4372 \u2013 Livro 28 \u2013 Di\u00e1rio, 10\/05\/2023"},"content":{"rendered":"\n<p class=\"has-text-align-right\"><strong>10\/05\/2023<\/strong><\/p>\n\n\n\n<p>A humanidade da metade do s\u00e9culo passado, at\u00e9 o final do s\u00e9culo, parece que tinha muito mais consci\u00eancia de sua realidade tanto como seres humanos, como seres espirituais. Agora, na mesma propor\u00e7\u00e3o de idades, parece que os atuais seres humanos esqueceram, e tamb\u00e9m nem se importam em saber quem s\u00e3o, e muito menos viver esta vida de forma eficiente, para si mesmos. Parece que, tendo somente duas coisas, j\u00e1 est\u00e1 de bom tamanho. Os romanos diriam \u201cpanem et circenses\u201d que d\u00e1 para traduzir para esta civiliza\u00e7\u00e3o como, tendo comida na mesa e um celular est\u00e1 de bom tamanho. O resto que se exploda, tanto faz. N\u00e3o importa quem p\u00f5e a comida na mesa, contanto que ela l\u00e1 esteja. Julga-se no direito a isso. Ai de quem tentar tir\u00e1-lo deste ostracismo. Julga-se com o conhecimento e ai de quem tenta contest\u00e1-lo. O pior \u00e9 que o conhecimento que tem prov\u00e9m das mentiras muito bem verbalizadas por aqueles que querem destruir a liberdade, a riqueza e a estabilidade de um pa\u00eds. Sem par\u00e2metros, onde possa balizar sua an\u00e1lise, aceita a boa fal\u00e1cia como a verdade. Estes ser\u00e3o o trip\u00e9 da anarquia e da destrui\u00e7\u00e3o de uma sociedade que, h\u00e1 muito custo, foi constru\u00edda pela sua popula\u00e7\u00e3o, onde hoje, ele com seu ser e agir est\u00e1 solapando suas bases.<\/p>\n","protected":false},"excerpt":{"rendered":"<p>10\/05\/2023 A humanidade da metade do s\u00e9culo passado, at\u00e9 o final do s\u00e9culo, parece que tinha muito mais consci\u00eancia de sua realidade tanto como seres humanos, como seres espirituais. Agora, na mesma propor\u00e7\u00e3o de idades, parece que os atuais seres humanos esqueceram, e tamb\u00e9m nem se importam em saber quem s\u00e3o, e muito menos viver [&hellip;]<\/p>\n","protected":false},"author":1,"featured_media":0,"comment_status":"open","ping_status":"open","sticky":false,"template":"","format":"standard","meta":{"_mi_skip_tracking":false},"categories":[34],"tags":[],"_links":{"self":[{"href":"https:\/\/www.miguelfaccio.com.br\/blog\/index.php\/wp-json\/wp\/v2\/posts\/20045"}],"collection":[{"href":"https:\/\/www.miguelfaccio.com.br\/blog\/index.php\/wp-json\/wp\/v2\/posts"}],"about":[{"href":"https:\/\/www.miguelfaccio.com.br\/blog\/index.php\/wp-json\/wp\/v2\/types\/post"}],"author":[{"embeddable":true,"href":"https:\/\/www.miguelfaccio.com.br\/blog\/index.php\/wp-json\/wp\/v2\/users\/1"}],"replies":[{"embeddable":true,"href":"https:\/\/www.miguelfaccio.com.br\/blog\/index.php\/wp-json\/wp\/v2\/comments?post=20045"}],"version-history":[{"count":1,"href":"https:\/\/www.miguelfaccio.com.br\/blog\/index.php\/wp-json\/wp\/v2\/posts\/20045\/revisions"}],"predecessor-version":[{"id":20046,"href":"https:\/\/www.miguelfaccio.com.br\/blog\/index.php\/wp-json\/wp\/v2\/posts\/20045\/revisions\/20046"}],"wp:attachment":[{"href":"https:\/\/www.miguelfaccio.com.br\/blog\/index.php\/wp-json\/wp\/v2\/media?parent=20045"}],"wp:term":[{"taxonomy":"category","embeddable":true,"href":"https:\/\/www.miguelfaccio.com.br\/blog\/index.php\/wp-json\/wp\/v2\/categories?post=20045"},{"taxonomy":"post_tag","embeddable":true,"href":"https:\/\/www.miguelfaccio.com.br\/blog\/index.php\/wp-json\/wp\/v2\/tags?post=20045"}],"curies":[{"name":"wp","href":"https:\/\/api.w.org\/{rel}","templated":true}]}}