{"id":20043,"date":"2025-10-19T14:55:15","date_gmt":"2025-10-19T17:55:15","guid":{"rendered":"https:\/\/www.miguelfaccio.com.br\/blog\/?p=20043"},"modified":"2025-10-19T14:55:18","modified_gmt":"2025-10-19T17:55:18","slug":"rcd4198-raios-ou-chamas","status":"publish","type":"post","link":"https:\/\/www.miguelfaccio.com.br\/blog\/index.php\/rcd4198-raios-ou-chamas\/","title":{"rendered":"RCD4198 Raios ou Chamas"},"content":{"rendered":"\n<p class=\"has-text-align-right\"><strong>Mensagem de M\u00e3e Maria <br>13 de outubro de 2025<\/strong><\/p>\n\n\n\n<p>HOJE EU VOS FALO DE COMPAIX\u00c3O!<\/p>\n\n\n\n<p>Amados filhos,<\/p>\n\n\n\n<p>Que as b\u00ean\u00e7\u00e3os do Amor Tragam Paz Aos Vossos Corpos, mentes e cora\u00e7\u00f5es<\/p>\n\n\n\n<p>Hoje Eu vos falo de compaix\u00e3o! Qu\u00e3o necess\u00e1ria \u00e9 a manifesta\u00e7\u00e3o da compaix\u00e3o pelos filhos da Terra.<\/p>\n\n\n\n<p>Sentir a dor do outro, suas afli\u00e7\u00f5es, suas car\u00eancias, suas desilus\u00f5es; ser uma extens\u00e3o de cada um de vossos irm\u00e3os e de cada forma de vida; viver em unidade com todos que vos cercam, pr\u00f3ximos ou distantes de v\u00f3s; compreender que vosso planeta \u00e9 um ser vivo com v\u00f3s e abriga em seu ventre todos aqueles que aceitaram evoluir no mundo da ilus\u00e3o.<\/p>\n\n\n\n<p>O ser humano ainda vive na ilus\u00e3o da separa\u00e7\u00e3o; o ser humano ainda pensa que sua exist\u00eancia depende s\u00f3 dele. Ledo engano!<\/p>\n\n\n\n<p>Tudo que acontece na M\u00e3e Terra afeta a todos, desde a mais diminuta forma de vida at\u00e9 o mais evolu\u00eddo ser humano.<\/p>\n\n\n\n<p>Esta \u00e9 uma verdade que n\u00e3o mais pode ser ignorada por aqueles que buscam concluir seu aprendizado na M\u00e3e Terra.<\/p>\n\n\n\n<p>Sem essa certeza a compaix\u00e3o n\u00e3o pode ser despertada em vossos cora\u00e7\u00f5es.<\/p>\n\n\n\n<p>\u00c9 preciso sentir, amados, sentir o liame invis\u00edvel que une todos v\u00f3s e, atrav\u00e9s dele, sentir todos os sentimentos, todas as sensa\u00e7\u00f5es, todas as dores e desilus\u00f5es, todas as alegrias, toda a experi\u00eancia vivenciada pelo corpo da humanidade.<\/p>\n\n\n\n<p>\u00c9 esse estado de ser que necessitais atrair pela compaix\u00e3o, para que vossas necessidades verdadeiras sejam reconhecidas e supridas pela for\u00e7a do amor desinteressado despertado pela compaix\u00e3o.<\/p>\n\n\n\n<p>continua<\/p>\n","protected":false},"excerpt":{"rendered":"<p>Mensagem de M\u00e3e Maria 13 de outubro de 2025 HOJE EU VOS FALO DE COMPAIX\u00c3O! Amados filhos, Que as b\u00ean\u00e7\u00e3os do Amor Tragam Paz Aos Vossos Corpos, mentes e cora\u00e7\u00f5es Hoje Eu vos falo de compaix\u00e3o! Qu\u00e3o necess\u00e1ria \u00e9 a manifesta\u00e7\u00e3o da compaix\u00e3o pelos filhos da Terra. Sentir a dor do outro, suas afli\u00e7\u00f5es, suas [&hellip;]<\/p>\n","protected":false},"author":1,"featured_media":0,"comment_status":"open","ping_status":"open","sticky":false,"template":"","format":"standard","meta":{"_mi_skip_tracking":false},"categories":[3],"tags":[],"_links":{"self":[{"href":"https:\/\/www.miguelfaccio.com.br\/blog\/index.php\/wp-json\/wp\/v2\/posts\/20043"}],"collection":[{"href":"https:\/\/www.miguelfaccio.com.br\/blog\/index.php\/wp-json\/wp\/v2\/posts"}],"about":[{"href":"https:\/\/www.miguelfaccio.com.br\/blog\/index.php\/wp-json\/wp\/v2\/types\/post"}],"author":[{"embeddable":true,"href":"https:\/\/www.miguelfaccio.com.br\/blog\/index.php\/wp-json\/wp\/v2\/users\/1"}],"replies":[{"embeddable":true,"href":"https:\/\/www.miguelfaccio.com.br\/blog\/index.php\/wp-json\/wp\/v2\/comments?post=20043"}],"version-history":[{"count":1,"href":"https:\/\/www.miguelfaccio.com.br\/blog\/index.php\/wp-json\/wp\/v2\/posts\/20043\/revisions"}],"predecessor-version":[{"id":20044,"href":"https:\/\/www.miguelfaccio.com.br\/blog\/index.php\/wp-json\/wp\/v2\/posts\/20043\/revisions\/20044"}],"wp:attachment":[{"href":"https:\/\/www.miguelfaccio.com.br\/blog\/index.php\/wp-json\/wp\/v2\/media?parent=20043"}],"wp:term":[{"taxonomy":"category","embeddable":true,"href":"https:\/\/www.miguelfaccio.com.br\/blog\/index.php\/wp-json\/wp\/v2\/categories?post=20043"},{"taxonomy":"post_tag","embeddable":true,"href":"https:\/\/www.miguelfaccio.com.br\/blog\/index.php\/wp-json\/wp\/v2\/tags?post=20043"}],"curies":[{"name":"wp","href":"https:\/\/api.w.org\/{rel}","templated":true}]}}